{"id":7998,"date":"2024-08-28T06:58:01","date_gmt":"2024-08-28T04:58:01","guid":{"rendered":"https:\/\/roig.it-satzinger.de\/blog\/banys-arabs-ein-spaziergang-durch-die-mittelalterliche-geschichte-palmas\/"},"modified":"2026-04-22T11:30:28","modified_gmt":"2026-04-22T09:30:28","slug":"banys-arabs-ein-spaziergang-durch-die-mittelalterliche-geschichte-palmas","status":"publish","type":"post","link":"https:\/\/roig.com\/de\/banys-arabs-ein-spaziergang-durch-die-mittelalterliche-geschichte-palmas\/","title":{"rendered":"Banys \u00c0rabs: Ein Spaziergang durch die mittelalterliche Geschichte Palmas"},"content":{"rendered":"\n<p>Wenn Sie nach Mallorca kommen, d\u00fcrfen Sie die <strong>Banys \u00c0rabs<\/strong> in Palma (\u201earabische B\u00e4der&#8220; auf Katalanisch) nicht verpassen. Diese alten \u00f6ffentlichen B\u00e4der befinden sich in der <strong>Altstadt von Palma de Mallorca<\/strong> und sind ein Zeugnis der islamischen Eroberung, die die Insel erlebte. Sie wurden w\u00e4hrend der <strong>muslimischen Herrschaft im Mittelalter<\/strong> erbaut und sind ein Beweis der Kultur, die auf Mallorca zwischen dem <strong>10. und 13. Jahrhundert<\/strong> aufbl\u00fchte.<\/p>\n\n\n\n<p>Bei ROIG m\u00f6chten wir, dass Sie bei Ihrem Besuch auf unserer Insel unsere <strong>Geschichte und unser kulturelles Erbe<\/strong> entdecken. Deshalb bieten wir Ihnen einen <strong><a href=\"https:\/\/roig.com\/de\/rent-a-car\/\">Mietwagenservice auf Mallorca<\/a><\/strong>, der es Ihnen erm\u00f6glicht, auf eigene Faust zu erkunden und so emblematische und interessante Orte wie unsere arabischen B\u00e4der zu besuchen. Erfahren Sie mehr \u00fcber ihre Geschichte in diesem Beitrag!<\/p>\n\n\n\n<h2 class=\"wp-block-heading\">Urspr\u00fcnge und Bau: die Geschichte der Banys \u00c0rabs in Palma<\/h2>\n\n\n\n<p>Die Banys \u00c0rabs wurden im <strong>10. Jahrhundert<\/strong> unter der Herrschaft von <strong>Abd al-Rahman III.<\/strong> erbaut, in einer Zeit, in der Mallorca zu einem <strong>kulturellen und kommerziellen Zentrum<\/strong> wurde. Dieses Geb\u00e4ude diente als Ort der Hygiene und Entspannung, spielte aber auch eine <strong>soziale Rolle<\/strong>, da es ein Treffpunkt f\u00fcr die mallorquinische Bev\u00f6lkerung war.<\/p>\n\n\n\n<p>Nach der <strong>christlichen Eroberung im 13. Jahrhundert<\/strong> gerieten die Banys \u00c0rabs in Vergessenheit und wurden teilweise zerst\u00f6rt. Ihre Existenz ist dank <strong>arch\u00e4ologischer Ausgrabungen und Restaurierungsarbeiten<\/strong> erhalten geblieben.<\/p>\n\n\n\n<p>Heute erm\u00f6glichen uns diese B\u00e4der, die <strong>islamische Vergangenheit Mallorcas<\/strong> besser kennenzulernen, und sind zu einem wichtigen Touristenziel geworden.<\/p>\n\n\n\n<h2 class=\"wp-block-heading\"><strong>Architektur und Design: charakteristische Elemente der mittelalterlichen B\u00e4der<\/strong><\/h2>\n\n\n\n<p>Inspiriert vom Modell der <strong>r\u00f6mischen B\u00e4der<\/strong> weisen die Banys \u00c0rabs eine Struktur miteinander verbundener R\u00e4ume auf, die <strong>Umkleider\u00e4ume, Warm-, Lau- und Kaltb\u00e4der<\/strong> sowie einen <strong>Ruheraum<\/strong> umfassen. Jeder dieser Bereiche war so konzipiert, das <strong>Hypokaustheizungssystem<\/strong> optimal zu nutzen, ein System, das eine Beheizung des Bodens durch die Zirkulation warmer Luft erm\u00f6glichte.<\/p>\n\n\n\n<p>Die mittelalterlichen B\u00e4der wurden mit einer Reihe miteinander verbundener R\u00e4ume f\u00fcr verschiedene Zwecke gestaltet:<\/p>\n\n\n\n<ul class=\"wp-block-list\">\n<li><strong>Vestib\u00fcl:<\/strong> Ein Eingangsbereich, in dem sich die Badeg\u00e4ste auf das Bad vorbereiteten.<\/li>\n\n\n\n<li><strong>Warmbaderaum (Calidarium):<\/strong> Ein Hochtemperaturraum f\u00fcr das Bad in hei\u00dfem Wasser.<\/li>\n\n\n\n<li><strong>Lauwarmbaderaum (Tepidarium):<\/strong> Ein Raum mit mittlerer Temperatur, der den \u00dcbergang zwischen W\u00e4rme und K\u00e4lte erleichterte.<\/li>\n\n\n\n<li><strong>Kaltbaderaum (Frigidarium):<\/strong> Ein Raum mit kaltem Wasser f\u00fcr das erfrischende Bad und die Entspannung nach dem Bad.<\/li>\n<\/ul>\n\n\n\n<p>Dar\u00fcber hinaus sind die <strong>architektonischen Details<\/strong> der Banys \u00c0rabs beeindruckend. Die <strong>Tonnengew\u00f6lbe, S\u00e4ulen und Rundb\u00f6gen<\/strong> zeugen von gro\u00dfer Meisterschaft in der Bautechnik. Die <strong>Steinw\u00e4nde<\/strong>, kombiniert mit der Verwendung von <strong>Ziegeln und dekorativem Gips<\/strong>, schaffen eine sehr angenehme Atmosph\u00e4re.<\/p>\n\n\n\n<p>Den arabischen B\u00e4dern einen Besuch abzustatten ist eines der <strong>interessantesten und neugierigsten Dinge<\/strong>, die man auf Mallorca unternehmen kann, vor allem f\u00fcr diejenigen, die sich f\u00fcr Geschichte und Kultur interessieren.<\/p>\n\n\n\n<h2 class=\"wp-block-heading\"><strong>Nutzung und Funktion: wie die Banys \u00c0rabs im Mittelalter genutzt wurden<\/strong><\/h2>\n\n\n\n<p>Im Mittelalter waren die Banys \u00c0rabs von Mallorca nicht nur Orte zum Waschen, sondern erf\u00fcllten eine <strong>soziale, kulturelle und medizinische Funktion<\/strong> von gro\u00dfer Bedeutung. Nachfolgend lernen wir alle Funktionen und Nutzungen der Banys \u00c0rabs w\u00e4hrend ihrer Bl\u00fctezeit kennen:<\/p>\n\n\n\n<p><strong>Soziale Funktion.<\/strong> Die B\u00e4der fungierten auch als <strong>Sozialisationszentren<\/strong>. Die Ruhebereiche und Gemeinschaftsr\u00e4ume f\u00f6rderten die Begegnung und das Gespr\u00e4ch unter Freunden und Familienangeh\u00f6rigen.<\/p>\n\n\n\n<p><strong>Medizinische Behandlungen.<\/strong> Im Mittelalter spielten die B\u00e4der auch eine Rolle in der Medizin und bei der Behandlung verschiedener Leiden. Die Nutzung von hei\u00dfem Wasser und die Exposition gegen\u00fcber Dampf galten als vorteilhaft zur <strong>Linderung von Muskel- und Gelenkschmerzen<\/strong> sowie zur Verbesserung der Durchblutung.<\/p>\n\n\n\n<p><strong>Pers\u00f6nliche Hygiene.<\/strong> Der Hauptzweck der Banys \u00c0rabs war es, einen Ort f\u00fcr die <strong>pers\u00f6nliche Reinigung<\/strong> zu bieten. B\u00e4der waren im t\u00e4glichen Leben der Bev\u00f6lkerung unerl\u00e4sslich, und es galt als wichtig, eine gute Hygiene zu pflegen.<\/p>\n\n\n\n<p><strong>Reinigungsrituale.<\/strong> Neben der t\u00e4glichen Hygiene dienten die Banys \u00c0rabs auch f\u00fcr tiefergehende <strong>Reinigungsrituale<\/strong>. In der islamischen Tradition ist die rituelle Reinheit grundlegend, und die B\u00e4der boten einen geeigneten Raum f\u00fcr diese Praktiken.<\/p>\n\n\n\n<h2 class=\"wp-block-heading\"><strong>Entdeckung und Erhaltung: Bem\u00fchungen zur Bewahrung dieses historischen Schatzes<\/strong><\/h2>\n\n\n\n<p>Jahrhundertelang blieben die Banys \u00c0rabs <strong>verborgen und vergessen<\/strong> unter der modernen Stadt. Erst im <strong>20. Jahrhundert<\/strong> wurde nach einer Reihe von Ausgrabungen und st\u00e4dtebaulichen Renovierungen in der Altstadt von Palma dieser historische Schatz wiederentdeckt.<\/p>\n\n\n\n<p>Im Jahr <strong>1903<\/strong> gelang es dem Arch\u00e4ologen <strong>Francisco M. de Borb\u00f3n<\/strong>, die Struktur der alten B\u00e4der zu identifizieren und zu dokumentieren, was einen Prozess der Anerkennung und Aufwertung des Ortes einleitete. Die Wiederentdeckung l\u00f6ste eine Welle des Interesses an der <strong>mittelalterlichen Geschichte Mallorcas<\/strong> aus und zeigte die Notwendigkeit, den Ort zu sch\u00fctzen und zu erhalten.<\/p>\n\n\n\n<p>Zur Bewahrung des Ortes wurde ein <strong>Interpretationszentrum<\/strong> geschaffen, um die Besucher \u00fcber die Geschichte und Architektur der B\u00e4der zu informieren. Dieses Museum umfasst die Installation von <strong>Informationstafeln<\/strong> und <strong>gef\u00fchrten Touren<\/strong>, um eine lehrreiche Erfahrung zu bieten.<\/p>\n\n\n\n<p>Heute gelten diese B\u00e4der als <strong>einer der am besten erhaltenen arabischen B\u00e4der Spaniens<\/strong>. Entscheiden Sie sich f\u00fcr unseren <strong><a href=\"https:\/\/roig.com\/de\/rent-a-car\/\">Mietwagenservice auf Mallorca<\/a><\/strong> und erkunden Sie die Insel auf eigene Faust, um diesen und viele andere faszinierende Orte zu entdecken.<\/p>\n\n\n\n<h2 class=\"wp-block-heading\"><strong>Gef\u00fchrte Besichtigung: Was man bei einem Rundgang durch die Banys \u00c0rabs sehen und erwarten kann<\/strong><\/h2>\n\n\n\n<p>Eine <strong>gef\u00fchrte Besichtigung<\/strong> dieser B\u00e4der erm\u00f6glicht es Ihnen, ihre kulturelle und soziale Bedeutung zu verstehen. Die F\u00fchrungen beginnen mit einer kurzen <strong>Einf\u00fchrung in die Geschichte<\/strong> der Banys \u00c0rabs und ihre Bedeutung im mittelalterlichen Palma.<\/p>\n\n\n\n<p>Die Guides bieten in der Regel einen \u00dcberblick \u00fcber den historischen Kontext, einschlie\u00dflich der <strong>Bauzeit im 10. Jahrhundert<\/strong>, der Rolle der B\u00e4der im islamischen Alltag und ihrer <strong>Wiederentdeckung im 20. Jahrhundert<\/strong>.<\/p>\n\n\n\n<p>Der Rundgang f\u00fchrt Sie durch die verschiedenen R\u00e4ume der B\u00e4der, wie das <strong>Calidarium, das Tepidarium und das Frigidarium<\/strong>. W\u00e4hrend des Besuchs hebt Ihr Guide die wichtigsten <strong>architektonischen Merkmale<\/strong> hervor, die eleganten <strong>Tonnengew\u00f6lbe und Rundb\u00f6gen<\/strong>, und Sie werden auch das <strong>Hypokaustsystem<\/strong> kennenlernen, ein Heizsystem, das dazu diente, den Boden und die R\u00e4ume zu erw\u00e4rmen.<\/p>\n\n\n\n<p>Also wissen Sie es jetzt: Wenn Sie nach Mallorca reisen, d\u00fcrfen Sie diese in Palma gelegenen arabischen B\u00e4der nicht verpassen. Bei <strong>ROIG<\/strong> helfen wir Ihnen, Ihre Reise auf unsere Insel so angenehm wie m\u00f6glich zu gestalten. Dazu bieten wir Ihnen einen <strong><a href=\"https:\/\/roig.com\/de\/transfers\/\">Taxiservice auf Mallorca<\/a><\/strong> sowie <strong><a href=\"https:\/\/roig.com\/de\/transfers\/\">Chauffeurfahrzeuge auf Mallorca<\/a><\/strong> an. Wenn Sie es jedoch vorziehen, entscheiden Sie sich f\u00fcr unsere <strong>Mietwagenrabatte auf Mallorca<\/strong> und erkunden Sie die Insel ganz nach Ihrem eigenen Tempo!<\/p>\n","protected":false},"excerpt":{"rendered":"<p>Wenn Sie nach Mallorca kommen, d\u00fcrfen Sie die Banys \u00c0rabs in Palma (\u201earabische B\u00e4der&#8220; auf Katalanisch) nicht verpassen. Diese alten \u00f6ffentlichen B\u00e4der befinden sich in der Altstadt von Palma de Mallorca und sind ein Zeugnis der islamischen Eroberung, die die Insel erlebte. Sie wurden w\u00e4hrend der muslimischen Herrschaft im Mittelalter erbaut und sind ein Beweis [&hellip;]<\/p>\n","protected":false},"author":1,"featured_media":6982,"comment_status":"open","ping_status":"open","sticky":false,"template":"","format":"standard","meta":{"footnotes":""},"categories":[149,150,154,157],"tags":[264,265,266,267],"class_list":["post-7998","post","type-post","status-publish","format-standard","has-post-thumbnail","hentry","category-news","category-mallorca-de","category-mallorca-entdecken","category-roig-empfiehlt","tag-mallorca-de","tag-playas-de","tag-pueblos-de","tag-tipico-mallorca-de"],"_links":{"self":[{"href":"https:\/\/roig.com\/de\/wp-json\/wp\/v2\/posts\/7998","targetHints":{"allow":["GET"]}}],"collection":[{"href":"https:\/\/roig.com\/de\/wp-json\/wp\/v2\/posts"}],"about":[{"href":"https:\/\/roig.com\/de\/wp-json\/wp\/v2\/types\/post"}],"author":[{"embeddable":true,"href":"https:\/\/roig.com\/de\/wp-json\/wp\/v2\/users\/1"}],"replies":[{"embeddable":true,"href":"https:\/\/roig.com\/de\/wp-json\/wp\/v2\/comments?post=7998"}],"version-history":[{"count":1,"href":"https:\/\/roig.com\/de\/wp-json\/wp\/v2\/posts\/7998\/revisions"}],"predecessor-version":[{"id":28297,"href":"https:\/\/roig.com\/de\/wp-json\/wp\/v2\/posts\/7998\/revisions\/28297"}],"wp:featuredmedia":[{"embeddable":true,"href":"https:\/\/roig.com\/de\/wp-json\/wp\/v2\/media\/6982"}],"wp:attachment":[{"href":"https:\/\/roig.com\/de\/wp-json\/wp\/v2\/media?parent=7998"}],"wp:term":[{"taxonomy":"category","embeddable":true,"href":"https:\/\/roig.com\/de\/wp-json\/wp\/v2\/categories?post=7998"},{"taxonomy":"post_tag","embeddable":true,"href":"https:\/\/roig.com\/de\/wp-json\/wp\/v2\/tags?post=7998"}],"curies":[{"name":"wp","href":"https:\/\/api.w.org\/{rel}","templated":true}]}}