{"id":7992,"date":"2024-07-19T06:53:58","date_gmt":"2024-07-19T04:53:58","guid":{"rendered":"https:\/\/roig.it-satzinger.de\/blog\/entdecken-sie-die-geheimnisse-von-sa-dragonera-eine-insel-die-nur-von-eidechsen-bewohnt-wird\/"},"modified":"2024-08-28T23:54:10","modified_gmt":"2024-08-28T21:54:10","slug":"entdecken-sie-die-geheimnisse-von-sa-dragonera-eine-insel-die-nur-von-eidechsen-bewohnt-wird","status":"publish","type":"post","link":"https:\/\/roig.com\/de\/entdecken-sie-die-geheimnisse-von-sa-dragonera-eine-insel-die-nur-von-eidechsen-bewohnt-wird\/","title":{"rendered":"Entdecken Sie die Geheimnisse von Sa Dragonera: eine Insel, die nur von Eidechsen bewohnt wird"},"content":{"rendered":"\n<p><strong>Sa Dragonera es una isla muy misteriosa<\/strong> situada al suroeste de Mallorca. Se trata de un lugar lleno de historia, leyendas y una biodiversidad \u00fanica. Es una isla conocida por ser un <strong>refugio para lagartijas<\/strong> de la zona, pero tambi\u00e9n ha sido escenario de acontecimientos hist\u00f3ricos y mitos que han alimentado la imaginaci\u00f3n de los habitantes y visitantes.\u00a0<\/p>\n\n<p>En este art\u00edculo de <a href=\"https:\/\/roig.com\/roigrentacar\/\"><strong>ROIG<\/strong><\/a><strong> <\/strong>queremos descubrirte esta zona de Mallorca que<strong> despierta la imaginaci\u00f3n y alimenta la fantas\u00eda. <\/strong>Reserva tu <a href=\"https:\/\/roig.com\/roigrentacar\/roigrentacar-alquiler-coche-mallorca\/\">rent a car en Mallorca<\/a> con nosotros y esc\u00e1pate hasta Sa Dragonera, una isla habitada solo por lagartijas.\u00a0<\/p>\n\n<h2 class=\"wp-block-heading\">Historia y leyendas de Sa Dragonera: desde piratas hasta parque natural\u00a0<\/h2>\n\n<p>La historia de Sa Dragonera se remonta a tiempos pasados, cuando <strong>los romanos utilizaron la isla como punto estrat\u00e9gico<\/strong> en sus rutas mar\u00edtimas. Despu\u00e9s, durante la Edad Media, la isla sirvi\u00f3 como refugio y observatorio para los navegantes que cruzaban el Mediterr\u00e1neo.\u00a0<\/p>\n\n<p>En el siglo XVI, Sa Dragonera fue conocida por ser la <strong>guarida de piratas<\/strong>. Los corsarios la utilizaban como base para sus ataques a las embarcaciones que navegaban cerca de la costa de Mallorca. En este periodo nos encontramos con muchas historias de saqueos y tesoros escondidos que, hoy en d\u00eda, forman parte de las leyendas de la isla.\u00a0<\/p>\n\n<p>En el siglo XX, Sa Dragonera se enfrent\u00f3 a diferentes proyectos de urbanizaci\u00f3n que amenazaban su ecosistema \u00fanico. Sin embargo, en la d\u00e9cada de 1980, los esfuerzos de conservaci\u00f3n y la presi\u00f3n p\u00fablica llevaron a la<strong> compra de la isla por parte del gobierno balear.<\/strong>\u00a0<\/p>\n\n<p>En 1995, Sa Dragonera fue declarada<strong> Parque Natural,<\/strong> asegurando la protecci\u00f3n de su flora y fauna.\u00a0<\/p>\n\n<div class=\"wp-block-stackable-image stk-block-image stk-block stk-54ee503\" data-block-id=\"54ee503\"><figure class=\"stk-img-wrapper stk-image--shape-stretch\"><img fetchpriority=\"high\" decoding=\"async\" class=\"stk-img wp-image-39792\" src=\"https:\/\/roig.zds.es\/wp-content\/uploads\/2024\/08\/david-vives-NwRdadFLgKo-unsplash-1-600x400.jpg.webp\" width=\"600\" height=\"400\" alt=\"\"><\/figure><\/div>\n\n<h2 class=\"wp-block-heading\">Las leyendas de Sa Dragonera m\u00e1s impactantes\u00a0<\/h2>\n\n<p><strong>El nombre de Sa Dragonera nos lleva a la menta la imagen de un drag\u00f3n dormido,<\/strong> una leyenda que ha perdurado a lo largo de los siglos. Se dice que la silueta de la isla, cuando se observa desde cierta distancia, se parece a un drag\u00f3n que descansa en el mar. Esta leyenda <strong>ha inspirado cuentos y canciones <\/strong>entre los habitantes de Mallorca, quienes relatan que el drag\u00f3n protege la isla y sus secretos.<\/p>\n\n<p><strong>Las historias de piratas tambi\u00e9n han dado lugar a leyendas sobre tesoros ocultos<\/strong> en Sa Dragonera. Seg\u00fan la tradici\u00f3n local, los piratas escondieron grandes riquezas en cuevas secretas alrededor de la isla, esperando regresar alg\u00fan d\u00eda para recuperarlas. A pesar de que ning\u00fan tesoro ha sido descubierto hasta la fecha, estas leyendas contin\u00faan<strong> fascinando a aventureros y buscadores de tesoros.<\/strong><\/p>\n\n<p>Si escoges nuestro servicio de alquiler de coches en Mallorca podr\u00e1s acercarte a admirar esta isla que te dejar\u00e1 con la boca abierta y con la imaginaci\u00f3n m\u00e1s despierta que nunca.\u00a0<\/p>\n\n<h2 class=\"wp-block-heading\">Flora y fauna \u00fanica: la vida silvestre en un ecosistema protegido\u00a0<\/h2>\n\n<p><strong>La declaraci\u00f3n de Sa Dragonera como Parque Natural ha sido fundamental para la preservaci\u00f3n de su flora y faun<\/strong>a. Los esfuerzos de conservaci\u00f3n incluyen el control de especies invasoras, la protecci\u00f3n de los h\u00e1bitats naturales y la regulaci\u00f3n del turismo para minimizar el impacto humano.\u00a0<\/p>\n\n<p>La flora de Sa Dragonera consiste en especies t\u00edpicas del<strong> matorral mediterr\u00e1neo. <\/strong>Entre las plantas m\u00e1s comunes se encuentran el <strong>romero, la lavanda y el lentisco,<\/strong> que est\u00e1n adaptadas a las condiciones secas y soleadas de la isla.\u00a0<\/p>\n\n<p>Sa Dragonera tambi\u00e9n es hogar de varias<strong> especies vegetales end\u00e9micas,<\/strong> es decir, que no se encuentran en ning\u00fan otro lugar del mundo. Un ejemplo destacado es el<strong> Helianthemum syriacum, una peque\u00f1a planta con flores amarillas<\/strong> que crece en las zonas rocosas de la isla.\u00a0<\/p>\n\n<p>Sin duda, <strong>los habitantes m\u00e1s famosos de Sa Dragonera son sus lagartijas.<\/strong> La Podarcis lilfordi giglioli, una subespecie end\u00e9mica, se encuentra exclusivamente en esta isla. Estas lagartijas han desarrollado<strong> caracter\u00edsticas \u00fanicas<\/strong> debido a su aislamiento, y son un ejemplo de evoluci\u00f3n adaptativa.\u00a0<\/p>\n\n<p>Pero Sa Dragonera es tambi\u00e9n un punto clave para la<strong> observaci\u00f3n de aves.<\/strong> La isla sirve como lugar de descanso para muchas<strong> aves migratorias que viajan entre Europa y \u00c1frica. <\/strong>Entre las especies residentes, el cormor\u00e1n mo\u00f1udo y el halc\u00f3n de Eleonora son especialmente notables.\u00a0\u00a0<\/p>\n\n<h2 class=\"wp-block-heading\">Excursiones y senderismo: rutas para explorar la isla a pie\u00a0<\/h2>\n\n<p>Una de las mejores ideas que hacer en Mallorca es disfrutar de su naturaleza con rutas de senderismo y excursiones, \u00a1y Sa Dragonera no es una excepci\u00f3n! Aqu\u00ed te dejamos las 3 rutas que puedes hacer en esta zona:\u00a0<\/p>\n\n<ul class=\"wp-block-list\">\n<li><strong>Ruta del Faro de Tramuntana.<\/strong> Esta ruta es ideal para aquellos que desean disfrutar de vistas panor\u00e1micas de la costa y explorar el extremo norte de la isla. Comienza en el centro de visitantes y sigue un sendero bien marcado que conduce al Faro de Tramuntana.\u00a0<\/li>\n\n\n\n<li><strong>Ruta de Cala Llado.<\/strong> Para una experiencia m\u00e1s tranquila y cerca de la costa, la ruta de Cala Llado es perfecta. Comienza en el puerto de la isla y sigue un sendero que serpentea a lo largo de la l\u00ednea de la costa, pasando por peque\u00f1as calas y acantilados alucinantes.\u00a0<\/li>\n\n\n\n<li><strong>Ruta de Na P\u00f2pia. <\/strong>Para los excursionistas m\u00e1s aventureros, la ruta de Na P\u00f2pia ofrece un desaf\u00edo y unas vistas impresionantes. Esta ruta atraviesa el coraz\u00f3n de la isla, ascendiendo a las alturas de Na P\u00f2pia, el punto m\u00e1s alto de Sa Dragonera.\u00a0\u00a0<\/li>\n<\/ul>\n\n<p>Si no te gusta conducir, debes saber que en ROIG ofrecemos un servicio de <a href=\"https:\/\/roig.com\/roigpremium\/\"><strong>alquiler de coches con ch\u00f3fer en Mallorca<\/strong><\/a>\u00a0 para que te muevas por la isla de la manera m\u00e1s c\u00f3moda y confortable posible. Asimismo, tambi\u00e9n contamos con un servicio de<strong> <\/strong><a href=\"https:\/\/roig.com\/palma-airport-transfers\/\"><strong>transfer al aeropuerto de Mallorca<\/strong><\/a><strong> <\/strong>para que no te preocupes por la llegada a nuestra isla.\u00a0<\/p>\n\n<h2 class=\"wp-block-heading\">Conservaci\u00f3n y protecci\u00f3n: esfuerzos para preservar un tesoro natural\u00a0<\/h2>\n\n<p>La gesti\u00f3n de Sa Dragonera como Parque Natural implica la implementaci\u00f3n de <strong>planes detallados<\/strong> que tratan aspectos como la regulaci\u00f3n del uso p\u00fablico, la protecci\u00f3n de h\u00e1bitats cr\u00edticos, el control de especies invasoras y la restauraci\u00f3n de ecosistemas da\u00f1ados.\u00a0\u00a0<\/p>\n\n<p>Una de las medidas m\u00e1s importantes para proteger Sa Dragonera <strong>se limita el n\u00famero de visitantes diarios <\/strong>y se regulan las actividades recreativas para minimizar el impacto ambiental. Esto asegura que la isla pueda mantener su belleza natural y funcionalidad ecol\u00f3gica sin comprometer su integridad.<\/p>\n\n<h2 class=\"wp-block-heading\">C\u00f3mo llegar y qu\u00e9 llevar: consejos para tu visita a Sa Dragonera<\/h2>\n\n<p>Sa Dragonera se encuentra en el suroeste de Mallorca y <strong>es accesible solo por mar.<\/strong> Puedes coger un ferry desde el<strong> puerto de Sant Elm<\/strong>, un pueblo costero. Los horarios de los ferris var\u00edan seg\u00fan la temporada, as\u00ed que es recomendable comprobar los horarios con antelaci\u00f3n y reservar con anticipaci\u00f3n.\u00a0<\/p>\n\n<p>Para disfrutar al m\u00e1ximo de tu visita a Sa Dragonera, aseg\u00farate de <strong>llevar<\/strong>:<\/p>\n\n<ul class=\"wp-block-list\">\n<li><strong>Calzado c\u00f3modo para caminar<\/strong>: Hay varias rutas de senderismo para explorar la isla, por lo que un calzado adecuado es imprescindible.<\/li>\n\n\n\n<li><strong>Ropa ligera y c\u00f3moda:<\/strong> El clima en Sa Dragonera puede ser caluroso, as\u00ed que viste ropa ligera y c\u00f3moda, preferiblemente de materiales transpirables.<\/li>\n\n\n\n<li><strong>Protector solar y sombrero<\/strong>: La exposici\u00f3n al sol es intensa, as\u00ed que protege tu piel y cabeza con protector solar y un sombrero.<\/li>\n\n\n\n<li><strong>Agua y comida<\/strong>: Aunque hay una peque\u00f1a cafeter\u00eda en la isla, es recomendable llevar suficiente agua y algunos snacks para pasar el d\u00eda.<\/li>\n<\/ul>\n\n<p>Ahora que ya conoces nuestro secreto mejor guardado, \u00a1es el momento de preparar tu viaje a Mallorca! <strong>En ROIG encontrar\u00e1s las mejores ofertas alquiler de coches en Mallorca <\/strong>para que puedas recorrer la isla a tu aire y perderte por todos sus rincones. \u00a1Bienvenid@s a nuestra casa!\u00a0<\/p>\n","protected":false},"excerpt":{"rendered":"<p>Sa Dragonera es una isla muy misteriosa situada al suroeste de Mallorca. Se trata de un lugar lleno de historia, leyendas y una biodiversidad \u00fanica. Es una isla conocida por ser un refugio para lagartijas de la zona, pero tambi\u00e9n ha sido escenario de acontecimientos hist\u00f3ricos y mitos que han alimentado la imaginaci\u00f3n de los [&hellip;]<\/p>\n","protected":false},"author":1,"featured_media":6937,"comment_status":"open","ping_status":"open","sticky":false,"template":"","format":"standard","meta":{"footnotes":""},"categories":[149,150,154,157],"tags":[264,265,266,267],"class_list":["post-7992","post","type-post","status-publish","format-standard","has-post-thumbnail","hentry","category-news","category-mallorca-de","category-mallorca-entdecken","category-roig-empfiehlt","tag-mallorca-de","tag-playas-de","tag-pueblos-de","tag-tipico-mallorca-de"],"_links":{"self":[{"href":"https:\/\/roig.com\/de\/wp-json\/wp\/v2\/posts\/7992","targetHints":{"allow":["GET"]}}],"collection":[{"href":"https:\/\/roig.com\/de\/wp-json\/wp\/v2\/posts"}],"about":[{"href":"https:\/\/roig.com\/de\/wp-json\/wp\/v2\/types\/post"}],"author":[{"embeddable":true,"href":"https:\/\/roig.com\/de\/wp-json\/wp\/v2\/users\/1"}],"replies":[{"embeddable":true,"href":"https:\/\/roig.com\/de\/wp-json\/wp\/v2\/comments?post=7992"}],"version-history":[{"count":0,"href":"https:\/\/roig.com\/de\/wp-json\/wp\/v2\/posts\/7992\/revisions"}],"wp:featuredmedia":[{"embeddable":true,"href":"https:\/\/roig.com\/de\/wp-json\/wp\/v2\/media\/6937"}],"wp:attachment":[{"href":"https:\/\/roig.com\/de\/wp-json\/wp\/v2\/media?parent=7992"}],"wp:term":[{"taxonomy":"category","embeddable":true,"href":"https:\/\/roig.com\/de\/wp-json\/wp\/v2\/categories?post=7992"},{"taxonomy":"post_tag","embeddable":true,"href":"https:\/\/roig.com\/de\/wp-json\/wp\/v2\/tags?post=7992"}],"curies":[{"name":"wp","href":"https:\/\/api.w.org\/{rel}","templated":true}]}}