{"id":7908,"date":"2023-07-25T12:24:01","date_gmt":"2023-07-25T10:24:01","guid":{"rendered":"https:\/\/roig.it-satzinger.de\/blog\/radfahren-auf-mallorca-tipps-um-das-beste-aus-der-insel-herauszuholen\/"},"modified":"2026-04-22T14:40:37","modified_gmt":"2026-04-22T12:40:37","slug":"radfahren-auf-mallorca-tipps-um-das-beste-aus-der-insel-herauszuholen","status":"publish","type":"post","link":"https:\/\/roig.com\/de\/radfahren-auf-mallorca-tipps-um-das-beste-aus-der-insel-herauszuholen\/","title":{"rendered":"Radfahren auf Mallorca: Tipps, um das Beste aus der Insel herauszuholen"},"content":{"rendered":"\n<p><strong>Radfahren auf Mallorca<\/strong> ist eine einzigartige M\u00f6glichkeit, die Sch\u00f6nheit dieses balearischen Paradieses zu entdecken. Das Gel\u00e4nde der Insel ist sehr abwechslungsreich und reicht von den <strong>hohen Bergen der Serra de Tramuntana<\/strong> bis hin zu den besten Fahrradrouten f\u00fcr die ganze Familie, durch die Ebenen der langen Str\u00e4nde und Feuchtgebiete im S\u00fcden. <strong>Jeder Radfahrer wird seine perfekte Route finden!<\/strong><\/p>\n\n\n\n<p>Bei ROIG m\u00f6chten wir Ihnen helfen, Mallorca auf die bestm\u00f6gliche Weise kennenzulernen, damit Ihr Urlaub nicht nur ein gew\u00f6hnlicher Kurzurlaub ist, sondern zu einem <strong>echten Erlebnis<\/strong> wird, das Sie ein Leben lang in Erinnerung behalten wollen. Begleiten Sie uns dabei, die <strong>besten Radrouten auf Mallorca<\/strong> zu entdecken!<\/p>\n\n\n\n<hr class=\"wp-block-separator has-alpha-channel-opacity\"\/>\n\n\n\n<h2 class=\"wp-block-heading\"><strong>Die besten Radrouten auf Mallorca<\/strong><\/h2>\n\n\n\n<p>Genie\u00dfen Sie das <strong>Radfahren auf Mallorca<\/strong>! Die Balearischen Inseln sind ein weltweit bekanntes Reiseziel f\u00fcr Str\u00e4nde und Erholungsurlaub. In den letzten Jahren hat sich die Insel Mallorca jedoch auch als <strong>touristisches Ziel f\u00fcr Radfahrer<\/strong> etabliert.<\/p>\n\n\n\n<p>Nachfolgend stellen wir Ihnen einige der besten Routen zum Radfahren auf Mallorca vor, damit Sie diejenigen ausw\u00e4hlen k\u00f6nnen, die am besten zu dem passen, was Sie suchen.<\/p>\n\n\n\n<h3 class=\"wp-block-heading\"><strong>Sa Calobra<\/strong><\/h3>\n\n\n\n<p>Ohne Zweifel ist dies eine der <strong>besten Radrouten auf Mallorca<\/strong>, obwohl sie recht anspruchsvoll ist und daher nur den <strong>erfahrensten und k\u00f6rperlich fitsten Radfahrern<\/strong> empfohlen wird. Die gesamte Strecke verl\u00e4uft auf der Stra\u00dfe und ist an sich schon beeindruckend, aber es gibt einen sehr besonderen Punkt: die Kurve in Form eines <strong>\u201eKrawattenknotens&#8220;<\/strong>. Calobra bedeutet Schlange, sodass Sie sich vorstellen k\u00f6nnen, wie die Strecke sein wird.<\/p>\n\n\n\n<h3 class=\"wp-block-heading\"><strong>Von Playa de Muro nach Betlem<\/strong><\/h3>\n\n\n\n<p>Diese Radtourenroute auf Mallorca erm\u00f6glicht es Ihnen, die gesamte <strong>Bucht von Alc\u00fadia<\/strong> zu durchqueren und die K\u00fcste von Art\u00e0 zu erreichen. Sie werden auch die D\u00f6rfer <strong>Colonia de Sant Pere und Betlem<\/strong> durchqueren und das \u00f6ffentliche Anwesen <strong>Son Real<\/strong> mit seiner <strong>pr\u00e4historischen Nekropole<\/strong> besuchen. Das Gute an dieser Route ist, dass jeder die Distanz w\u00e4hlen kann, die er zur\u00fccklegen m\u00f6chte, um sie seinen <strong>M\u00f6glichkeiten auf dem Fahrrad<\/strong> anzupassen.<\/p>\n\n\n\n<h2 class=\"wp-block-heading\"><strong>Die Strandpromenade von Palma de Mallorca<\/strong><\/h2>\n\n\n\n<p>Wir stellen Ihnen eine Route mit <strong>geringem Schwierigkeitsgrad<\/strong> vor, die Sie mit der ganzen Familie unternehmen k\u00f6nnen: die <strong>Strandpromenade von Palma de Mallorca<\/strong>. Die Route beginnt im <strong>Parque del Mar<\/strong> und f\u00fchrt bis zum <strong>Coll de&#8217;n Rabassa<\/strong>, einem Gebiet, das zum <strong>Naturraum von besonderem Interesse<\/strong> erkl\u00e4rt wurde. Auf dem Weg kommen Sie am <strong>Real Club N\u00e1utico de Palma<\/strong> und einigen <strong>Sehensw\u00fcrdigkeiten<\/strong> vorbei. Dies kann eine der besten M\u00f6glichkeiten sein, die <strong>Hauptstadt Mallorcas<\/strong> zu erkunden!<\/p>\n\n\n\n<h3 class=\"wp-block-heading\"><strong>Puig Major<\/strong><\/h3>\n\n\n\n<p>Der <strong>Puig Major<\/strong> ist mit <strong>1.445 Metern<\/strong> der h\u00f6chste Gipfel aller Balearischen Inseln. Er befindet sich in der <strong>Serra de Tramuntana<\/strong>, und ihn zu erklimmen ist ein echtes <strong>Vergn\u00fcgen f\u00fcr erfahrenere Radfahrer<\/strong>. Die erfrischende Brise am Gipfel und die <strong>spektakul\u00e4ren Aussichten<\/strong> werden die M\u00fche des Aufstiegs lohnenswert machen.<\/p>\n\n\n\n<p>Wenn Sie von <strong>S\u00f3ller<\/strong> aus starten, betr\u00e4gt die Strecke nur <strong>23 Kilometer<\/strong>, sodass Sie auf dem R\u00fcckweg einige Sehensw\u00fcrdigkeiten wie <strong>Escorca, Coll de Sa Bataia, Inca oder Consell<\/strong> hinzuf\u00fcgen k\u00f6nnen.<\/p>\n\n\n\n<h3 class=\"wp-block-heading\"><strong>Coll de S\u00f3ller<\/strong><\/h3>\n\n\n\n<p>Sie k\u00f6nnen den <strong>Coll de S\u00f3ller<\/strong> von Palma aus erkunden und werden auf eine Stra\u00dfe mit <strong>mehreren Haarnadelkurven<\/strong> treffen. Der Aufstieg ist nicht allzu anspruchsvoll, da er keine hohen H\u00f6henunterschiede aufweist, aber die <strong>Streckenf\u00fchrung<\/strong> wird Sie begeistern, denn Sie werden sich wie ein echter <strong>Radsportprofi<\/strong> f\u00fchlen, besonders an Punkten wie dem <strong>Paso Stelvio oder dem Coll de la Gallina<\/strong>.<\/p>\n\n\n\n<p>Diese Stra\u00dfe hat <strong>wenig Verkehr<\/strong>, dank des <strong>1997 eingeweihten Tunnels<\/strong>, der alle Fahrzeuge umleitet.<\/p>\n\n\n\n<h3 class=\"wp-block-heading\"><strong>Von Playa de Muro nach Cala Sant Vicen\u00e7<\/strong><\/h3>\n\n\n\n<p>Dies ist eine <strong>perfekte Fahrradroute<\/strong> f\u00fcr diejenigen, die einen Radfahrtag auf Mallorca ohne allzu gro\u00dfen Schwierigkeitsgrad genie\u00dfen m\u00f6chten. Dieser Fahrradausflug verl\u00e4uft auf <strong>spektakul\u00e4ren und sehr ruhigen Wegen<\/strong>, die es Ihnen erm\u00f6glichen, die Zone <strong>S&#8217;Albufereta<\/strong> \u00fcber den \u201ealten Weg&#8220; der Cala Sant Vicen\u00e7 kennenzulernen. Vergessen Sie nicht, den <strong>Badeanzug<\/strong> mitzunehmen, um bei der Ankunft ein erfrischendes Bad am Strand zu genie\u00dfen!<\/p>\n\n\n\n<h3 class=\"wp-block-heading\"><strong>Von Binissalem nach Biniagual<\/strong><\/h3>\n\n\n\n<p>Dies ist ein angenehmer <strong>asphaltierter Weg<\/strong> zwischen Binissalem und Biniagual. Die Route beginnt mit einem kurzen schwierigen Abschnitt, danach <strong>ebnet sich das Gel\u00e4nde<\/strong> ab, sodass Sie nicht zu viel Kraft beim Radfahren aufwenden m\u00fcssen. Entlang der gesamten Route finden Sie wundersch\u00f6ne <strong>l\u00e4ndliche Landschaften<\/strong> mit Feldern und Nutztieren. Wenn Sie nach etwa einer Stunde in Biniagual ankommen, vergessen Sie nicht, seine wundersch\u00f6nen <strong>G\u00e4rten<\/strong> zu besuchen.<\/p>\n\n\n\n<h3 class=\"wp-block-heading\"><strong>Itinerar zwischen Banyalbufar und Andratx<\/strong><\/h3>\n\n\n\n<p>Das Itinerar zwischen Banyalbufar und Andratx ist eine <strong>K\u00fcstenroute<\/strong> mit an einigen Stellen schmalem und unregelm\u00e4\u00dfigem Asphalt. Wenn Sie ein Liebhaber des Radsports sind, d\u00fcrfen Sie dieses <strong>wahre Naturschauspiel<\/strong> nicht verpassen, denn die Aussichten werden Ihnen den Atem verschlagen.<\/p>\n\n\n\n<h3 class=\"wp-block-heading\"><strong>Von Playa de Muro nach Lluc<\/strong><\/h3>\n\n\n\n<p>Wir setzen unsere Auswahl an Radrouten auf Mallorca mit einem Vorschlag von <strong>hohem Schwierigkeitsgrad<\/strong> fort, der nur den <strong>erfahrensten Radfahrern<\/strong> vorbehalten ist. Der Aufstieg zum <strong>Collado de Sa Batalla<\/strong> \u00fcbersteigt in vielen Abschnitten eine <strong>Steigung von 5 %<\/strong>. Auf dieser Route dringen Sie in das <strong>Herz der Serra de Tramuntana<\/strong> vor, dem gr\u00f6\u00dften Juwel der Insel. Es handelt sich um eine <strong>Rundroute<\/strong>, da Sie f\u00fcr die R\u00fcckfahrt die Abzweigung in Richtung <strong>Port de Pollen\u00e7a<\/strong> nehmen m\u00fcssen.<\/p>\n\n\n\n<h3 class=\"wp-block-heading\"><strong>V\u00eda Verde von Art\u00e0 nach Manacor<\/strong><\/h3>\n\n\n\n<p>Da wir <strong>Gr\u00fcne Wege<\/strong> lieben \u2014 diese nahezu flachen Wege, die ausschlie\u00dflich f\u00fcr Fahrr\u00e4der und Wanderer bestimmt sind \u2014, stellen wir Ihnen die <strong>V\u00eda Verde von Art\u00e0 nach Manacor<\/strong> vor, die dem Verlauf der alten <strong>Eisenbahnlinie<\/strong> folgt, die bis <strong>1977<\/strong> in Betrieb war. Ihre L\u00e4nge betr\u00e4gt <strong>29 Kilometer<\/strong>, und auf dem Weg werden Sie die <strong>l\u00e4ndlichste Essenz der Insel Mallorca<\/strong> in sich aufsaugen.<\/p>\n\n\n\n<hr class=\"wp-block-separator has-alpha-channel-opacity\"\/>\n\n\n\n<h2 class=\"wp-block-heading\"><strong>Beste Jahreszeit f\u00fcr das Radfahren auf Mallorca<\/strong><\/h2>\n\n\n\n<p>Das Klima auf Mallorca erm\u00f6glicht es, <strong>fast das ganze Jahr \u00fcber<\/strong> Radtourismus zu betreiben, aber im Sommer sind die Temperaturen sehr hoch und im Winter ziemlich kalt. Daher ist es normal, dass Sie sich fragen: <strong>Wann ist die beste Zeit f\u00fcr das Radfahren auf Mallorca?<\/strong><\/p>\n\n\n\n<p>Die besten Jahreszeiten f\u00fcr das Radfahren auf Mallorca sind <strong>Fr\u00fchling und Herbst<\/strong>. In diesen Zeiten sind die Morgen recht <strong>frisch<\/strong>, was Ihnen auf dem Fahrrad zugutekommen wird. Aber die Nachmittage haben immer noch eine <strong>Durchschnittstemperatur von 28 \u00b0C<\/strong>, eine perfekte Temperatur f\u00fcr ein erfrischendes Bad am Strand, nachdem Sie Ihre Radroute erfolgreich absolviert haben.<\/p>\n\n\n\n<p>Die Bedingungen f\u00fcr diesen Sport im Fr\u00fchling und Herbst sind ideal, mit <strong>milden Temperaturen und weniger Menschen<\/strong> als im Sommer. Das bedeutet, dass die Stra\u00dfen <strong>leerer<\/strong> sein werden, sodass Sie sich keine Sorgen um die Gefahr durch Autos machen m\u00fcssen. Die Inselbewohner sind au\u00dferdem in einem entspannteren Gem\u00fctszustand, da die Touristen abgereist sind \u2014 <strong>bereiten Sie sich darauf vor, \u00fcberall Freunde zu finden!<\/strong><\/p>\n\n\n\n<hr class=\"wp-block-separator has-alpha-channel-opacity\"\/>\n\n\n\n<h2 class=\"wp-block-heading\"><strong>Top-Radsportveranstaltungen auf Mallorca<\/strong><\/h2>\n\n\n\n<p>Wenn Sie ein professioneller Radfahrer oder auf sehr hohem Niveau sind und neue <strong>Herausforderungen<\/strong> suchen, sind die <strong>Radsportveranstaltungen auf Mallorca<\/strong> der beste Weg, Ihre F\u00e4higkeiten auf den Pedalen auf die Probe zu stellen. Wenn Sie jedoch nur ein Radsportfan sind und Rennen als <strong>Zuschauer<\/strong> genie\u00dfen m\u00f6chten, k\u00f6nnen Sie all diese Veranstaltungen ohne Teilnahme besuchen:<\/p>\n\n\n\n<h3 class=\"wp-block-heading\"><strong>Mallorca 312<\/strong><\/h3>\n\n\n\n<p>Es handelt sich um das <strong>besonderste Rennen<\/strong>, das Sie in den sch\u00f6nsten mallorquinischen Landschaften erleben k\u00f6nnen: der <strong>Sierra de Tramuntana<\/strong>, die von der UNESCO zum Weltkulturerbe erkl\u00e4rt wurde, und dem <strong>Norden Mallorcas<\/strong>, bekannt f\u00fcr seine Str\u00e4nde, Naturparks und Traditionen. Sie k\u00f6nnen zwischen der <strong>Vollstrecke<\/strong> w\u00e4hlen, die dem Rennen seinen Namen gibt und sage und schreibe <strong>312 Kilometer<\/strong> betr\u00e4gt, der zweiten Strecke mit <strong>225 Kilometern<\/strong> und der dritten, aber nicht weniger harten, mit <strong>167 Kilometern<\/strong>.<\/p>\n\n\n\n<h3 class=\"wp-block-heading\"><strong>Kill the Hill<\/strong><\/h3>\n\n\n\n<p>Dieser Wettbewerb bietet Ihnen die einzigartige M\u00f6glichkeit, den <strong>Gipfel Mallorcas<\/strong> zu erklimmen: den <strong>Puig Major<\/strong> mit seinen <strong>1.436 Metern<\/strong>. Es handelt sich um eine <strong>95 km lange Strecke<\/strong>, bei der die letzten <strong>7 km des Aufstiegs<\/strong> auf Zeit gefahren werden (mit einer durchschnittlichen Steigung von <strong>9 %<\/strong> und Abschnitten mit <strong>13 %<\/strong>). Dies ist eine sehr <strong>exklusive und einzigartige Pr\u00fcfung<\/strong> auf Mallorca, da der letzte Abschnitt das ganze Jahr \u00fcber gesperrt ist, da er eine <strong>Milit\u00e4rzone<\/strong> ist.<\/p>\n\n\n\n<h3 class=\"wp-block-heading\"><strong>Marabans Mountain Bike Marathon<\/strong><\/h3>\n\n\n\n<p>Dies ist ein <strong>Teamrennen<\/strong> mit 2 Teilnehmern, das darin besteht, in einem Zeitraum von mindestens <strong>3 Stunden<\/strong> die maximale Anzahl von Runden auf einem Rundkurs von etwa <strong>10 km<\/strong> zu absolvieren. Dies ist eine der <strong>beliebtesten Radsportveranstaltungen auf Mallorca<\/strong>, f\u00fcr die Sie sich Ihr Ticket sichern m\u00fcssen.<\/p>\n\n\n\n<h3 class=\"wp-block-heading\"><strong>El Trofeo Calvi\u00e1<\/strong><\/h3>\n\n\n\n<hr class=\"wp-block-separator has-alpha-channel-opacity\"\/>\n\n\n\n<p>Der <strong>Trofeo Calvi\u00e1<\/strong> ist ein professionelles Radrennen, das in der Gemeinde <strong>Calvi\u00e1<\/strong> auf der Insel Mallorca ausgetragen wird. Das Rennen geh\u00f6rt zur <strong>Challenge Vuelta a Mallorca<\/strong>, dem ersten Radrennen der Saison in Spanien, und findet <strong>Anfang Februar<\/strong> statt.<\/p>\n\n\n\n<p>Jetzt kennen Sie einige der besten Tipps, um das Beste aus der Insel durch das <strong>Radfahren auf Mallorca<\/strong> herauszuholen. Bei ROIG m\u00f6chten wir, dass Sie \u00fcberall hinkommen, und daf\u00fcr brauchen Sie neben Ihrem Fahrrad auch ein gutes <strong>Mietfahrzeug<\/strong>, das Ihren Anforderungen entspricht.<\/p>\n","protected":false},"excerpt":{"rendered":"<p>Radfahren auf Mallorca ist eine einzigartige M\u00f6glichkeit, die Sch\u00f6nheit dieses Balearenparadieses zu entdecken.<\/p>\n","protected":false},"author":1,"featured_media":6423,"comment_status":"open","ping_status":"open","sticky":false,"template":"","format":"standard","meta":{"footnotes":""},"categories":[149,150,154,158,159,161],"tags":[264,266,267],"class_list":["post-7908","post","type-post","status-publish","format-standard","has-post-thumbnail","hentry","category-news","category-mallorca-de","category-mallorca-entdecken","category-sightseeing-touren","category-typisches-mallorca","category-verborgene-schaetze","tag-mallorca-de","tag-pueblos-de","tag-tipico-mallorca-de"],"_links":{"self":[{"href":"https:\/\/roig.com\/de\/wp-json\/wp\/v2\/posts\/7908","targetHints":{"allow":["GET"]}}],"collection":[{"href":"https:\/\/roig.com\/de\/wp-json\/wp\/v2\/posts"}],"about":[{"href":"https:\/\/roig.com\/de\/wp-json\/wp\/v2\/types\/post"}],"author":[{"embeddable":true,"href":"https:\/\/roig.com\/de\/wp-json\/wp\/v2\/users\/1"}],"replies":[{"embeddable":true,"href":"https:\/\/roig.com\/de\/wp-json\/wp\/v2\/comments?post=7908"}],"version-history":[{"count":1,"href":"https:\/\/roig.com\/de\/wp-json\/wp\/v2\/posts\/7908\/revisions"}],"predecessor-version":[{"id":28359,"href":"https:\/\/roig.com\/de\/wp-json\/wp\/v2\/posts\/7908\/revisions\/28359"}],"wp:featuredmedia":[{"embeddable":true,"href":"https:\/\/roig.com\/de\/wp-json\/wp\/v2\/media\/6423"}],"wp:attachment":[{"href":"https:\/\/roig.com\/de\/wp-json\/wp\/v2\/media?parent=7908"}],"wp:term":[{"taxonomy":"category","embeddable":true,"href":"https:\/\/roig.com\/de\/wp-json\/wp\/v2\/categories?post=7908"},{"taxonomy":"post_tag","embeddable":true,"href":"https:\/\/roig.com\/de\/wp-json\/wp\/v2\/tags?post=7908"}],"curies":[{"name":"wp","href":"https:\/\/api.w.org\/{rel}","templated":true}]}}