{"id":7861,"date":"2023-02-10T19:14:31","date_gmt":"2023-02-10T18:14:31","guid":{"rendered":"https:\/\/roig.it-satzinger.de\/blog\/michelin-sterne-restaurants-auf-mallorca\/"},"modified":"2026-04-22T14:28:02","modified_gmt":"2026-04-22T12:28:02","slug":"michelin-sterne-restaurants-auf-mallorca","status":"publish","type":"post","link":"https:\/\/roig.com\/de\/michelin-sterne-restaurants-auf-mallorca\/","title":{"rendered":"Michelin-Sterne-Restaurants auf Mallorca"},"content":{"rendered":"\n<p><\/p>\n\n\n\n<p>M\u00f6gen Sie <strong>Haute Cuisine<\/strong>? Wir stellen Ihnen die <strong>Michelin-Stern-Restaurants auf Mallorca<\/strong> vor! Das Mittelmeer ist bekannt f\u00fcr seine Gastronomie, die auf <strong>frischen Zutaten h\u00f6chster Qualit\u00e4t<\/strong> basiert, frisch aus dem Land oder dem Meer geholt. Die Balearischen Inseln sind eine Region mit einer <strong>gro\u00dfen Vielfalt an typischen Gerichten<\/strong>, und Mallorca ist ihre gr\u00f6\u00dfte Insel.<\/p>\n\n\n\n<p>Der ber\u00fchmte <strong>Michelin-F\u00fchrer<\/strong> verleiht seine Sterne den <strong>renommiertesten und angesehensten Restaurants<\/strong> auf staatlicher Ebene. Mallorca verf\u00fcgt derzeit bereits \u00fcber <strong>13 Sterne<\/strong>, was diese Region zu einer der <strong>kulinarisch empfehlenswertesten<\/strong> macht.<\/p>\n\n\n\n<p>Bei ROIG glauben wir, dass <strong>gut essen<\/strong> einer der Faktoren f\u00fcr einen sch\u00f6nen Urlaub ist. Stimmen Sie uns zu? Dann lesen Sie weiter, denn nachfolgend stellen wir Ihnen die <strong>besten Michelin-Stern-Restaurants auf Mallorca<\/strong> vor.<\/p>\n\n\n\n<hr class=\"wp-block-separator has-alpha-channel-opacity\"\/>\n\n\n\n<h2 class=\"wp-block-heading\"><strong>Zaranda<\/strong><\/h2>\n\n\n\n<p><strong>Zaranda<\/strong> \u00f6ffnete seine T\u00fcren <strong>2005 in Madrid<\/strong>, wo es seinen ersten Michelin-Stern gewann. Aber sein Chefkoch <strong>P\u00e9rez Arellano<\/strong> wollte nicht dort bleiben, sondern suchte nach den <strong>frischesten Zutaten<\/strong> aus Land und Meer. Das veranlasste ihn dazu, mit seinem gesamten Team nach <strong>Mallorca<\/strong> umzuziehen.<\/p>\n\n\n\n<p>Die Dekoration des Lokals ist sehr <strong>elegant und sophisticated<\/strong> und verf\u00fcgt \u00fcber viel nat\u00fcrliches Licht. Im <strong>Degustationsmen\u00fc<\/strong> k\u00f6nnen Sie eine Mischung aus raffinierten, interessanten und k\u00f6stlichen Elementen probieren, wie zum Beispiel das <strong>Schwarzwildbrei-Ei<\/strong>, begleitet von wei\u00dfem Zwiebelp\u00fcree und Walnuss-Venere-Reis. Kurz gesagt, dies kann ein wahres <strong>Erlebnis f\u00fcr Ihren Gaumen<\/strong> sein.<\/p>\n\n\n\n<hr class=\"wp-block-separator has-alpha-channel-opacity\"\/>\n\n\n\n<h2 class=\"wp-block-heading\"><strong>Dins<\/strong><\/h2>\n\n\n\n<p>Und wenn wir von Gaumenerlebnissen sprechen, d\u00fcrfen Sie das Restaurant <strong>Dins<\/strong> nicht verpassen, das als der <strong>historische Tempel der mallorquinischen Gastronomie<\/strong> gilt. Es befindet sich im eleganten Boutiquehotel <strong>El Lloren\u00e7 Parc de la Mar<\/strong> und verf\u00fcgt \u00fcber einen wohlverdienten <strong>Michelin-Stern<\/strong>.<\/p>\n\n\n\n<p>Das Restaurant bietet <strong>drei v\u00f6llig verschiedene Degustationsmen\u00fcs<\/strong> an, darunter ein vegetarisches. Der Raum ist mit <strong>Keramiktellern und \u00d6lgem\u00e4lden<\/strong> dekoriert, die vom Koch selbst gemalt wurden, um dem Restaurant eine sehr <strong>einladende Atmosph\u00e4re<\/strong> zu verleihen. Die mallorquinischen Gerichte, die serviert werden, haben einen starken <strong>arabischen Einfluss<\/strong>, der es Ihnen erm\u00f6glicht, bei jedem Bissen eine <strong>gastronomische Reise<\/strong> zu genie\u00dfen.<\/p>\n\n\n\n<hr class=\"wp-block-separator has-alpha-channel-opacity\"\/>\n\n\n\n<h2 class=\"wp-block-heading\"><strong>Fusi\u00f3n 19<\/strong><\/h2>\n\n\n\n<p>Die Gemeinde <strong>Muro<\/strong> auf Mallorca feiert, denn sie hat k\u00fcrzlich ihren ersten Michelin-Stern erhalten, dank <strong>Fusi\u00f3n 19<\/strong>. Der Koch <strong>Javier Hoebeeck<\/strong> ist ein junger <strong>Weltreisender der K\u00fcchen<\/strong>, der sich an der Escola d&#8217;Hosteler\u00eda der UIB ausbildete und sein Restaurant er\u00f6ffnete, nachdem er mit gro\u00dfen Namen wie den Restaurants <strong>Azurmendi, El Celler de Can Roca oder Narisawa<\/strong> gearbeitet hatte.<\/p>\n\n\n\n<p>Schlie\u00dflich entschloss sich der Chefkoch, <strong>nach Hause zur\u00fcckzukehren<\/strong> und sein pers\u00f6nlichstes Projekt in die Tat umzusetzen. Seine Speisekarte bietet eine <strong>Fusionsk\u00fcche<\/strong>, bei der die mediterrane Gastronomie mit der <strong>asiatischen und lateinamerikanischen Kultur<\/strong> kombiniert wird, um keinen Gast gleichg\u00fcltig zu lassen. Das Gute an dieser K\u00fcche ist, dass jede Person ihre eigenen <strong>Nuancen im Rezept<\/strong> finden kann, weshalb es mehr als ein Restaurant zu einem echten <strong>Erlebnis<\/strong> geworden ist.<\/p>\n\n\n\n<hr class=\"wp-block-separator has-alpha-channel-opacity\"\/>\n\n\n\n<h2 class=\"wp-block-heading\"><strong>Andreu Genestra<\/strong><\/h2>\n\n\n\n<p>Das Restaurant des Chefkochs <strong>Andreu Genestra<\/strong>, das seinen Namen tr\u00e4gt, erhielt seinen ersten <strong>Michelin-Stern<\/strong> nach dem dritten Jahr seiner Er\u00f6ffnung. Die K\u00fcche dieses Etablissements besteht aus <strong>zwei Degustationsmen\u00fcs<\/strong> mit acht und 12 G\u00e4ngen, zubereitet mit <strong>lokalen Zutaten<\/strong> und den mediterransten Aromen.<\/p>\n\n\n\n<p>Dieses Restaurant befindet sich im <strong>Hotel Pred\u00ed de Son Jaumell<\/strong> und Sie k\u00f6nnen Ihre Reservierung nur f\u00fcr das <strong>Abendessen von Mittwoch bis Montag, von 19:00 bis 21:30 Uhr<\/strong>, vornehmen. Das bedeutet, dass es ein sehr <strong>exklusives Restaurant<\/strong> ist, das seinen Kunden die beste Qualit\u00e4t bieten m\u00f6chte und dabei das Erlebnis gegen\u00fcber der Anzahl der G\u00e4ste priorisiert.<\/p>\n\n\n\n<hr class=\"wp-block-separator has-alpha-channel-opacity\"\/>\n\n\n\n<h2 class=\"wp-block-heading\"><strong>Maca de Castro<\/strong><\/h2>\n\n\n\n<p><strong>Maca de Castro<\/strong> ist ein weiteres Michelin-Stern-Restaurant auf Mallorca. Dieses sch\u00f6ne Restaurant im <strong>Hafen von Alc\u00fadia<\/strong> wurde mit dem ersten Michelin-Stern ausgezeichnet, der an eine <strong>K\u00f6chin<\/strong> auf der Insel verliehen wurde. Bei Maca de Castro finden Sie <strong>traditionelle mallorquinische und mediterrane Gerichte<\/strong> mit einem viel <strong>innovativeren und gewagtere Ansatz<\/strong>.<\/p>\n\n\n\n<p>Sie genie\u00dfen ein <strong>ausgewogenes Degustationsmen\u00fc<\/strong>, bestehend aus 3 Vorspeisen, 5 Hauptg\u00e4ngen und 3 Desserts. Das Men\u00fc \u00e4ndert sich regelm\u00e4\u00dfig, sodass das Erlebnis bei jedem Besuch <strong>anders<\/strong> sein wird. Einige der enthaltenen Gerichte sind <strong>gebratene Seeanemone, samtiger glatter Gazpacho, fleischiger Hummer, Zitronentarte<\/strong> usw.<\/p>\n\n\n\n<hr class=\"wp-block-separator has-alpha-channel-opacity\"\/>\n\n\n\n<h2 class=\"wp-block-heading\"><strong>Voro<\/strong><\/h2>\n\n\n\n<p>Wenn Sie nach Michelin-Stern-Restaurants auf Mallorca suchen, ist <strong>Voro<\/strong> das erste, das auf Ihrer Liste erscheinen wird. Sein Chefkoch <strong>\u00c1lvaro Salazar<\/strong> erhielt <strong>2022<\/strong> den zweiten Michelin-Stern f\u00fcr sein Restaurant Voro und wurde damit zum <strong>einzigen doppelt ausgezeichneten<\/strong> auf den Balearischen Inseln.<\/p>\n\n\n\n<p>Dieses Restaurant befindet sich neben dem <strong>Cap Vermell Grand Hotel<\/strong> und funktioniert <strong>unabh\u00e4ngig<\/strong> von der Unterkunft. Die K\u00fcche von Voro arbeitet aus <strong>absoluter Freiheit<\/strong> und seine Gerichte bewegen sich zwischen dem <strong>andalusischen Ursprung<\/strong> des Kochs und den typischsten Gerichten der <strong>mallorquinischen Gastronomie<\/strong>.<\/p>\n\n\n\n<hr class=\"wp-block-separator has-alpha-channel-opacity\"\/>\n\n\n\n<h2 class=\"wp-block-heading\"><strong>Quadrat<\/strong><\/h2>\n\n\n\n<p><strong>Quadrat<\/strong> ist eines der besten <strong>Luxusrestaurants auf Mallorca<\/strong> und bietet <strong>mediterrane K\u00fcche<\/strong> mit Ressourcen der traditionellen mallorquinischen Gastronomie. Das Produkt ist vollst\u00e4ndig <strong>lokal<\/strong> und das Etablissement befindet sich in den alten <strong>Stallungen eines Palasthauses<\/strong> im Zentrum Mallorcas. Es ist derzeit Teil des <strong>Hotels Sant Francesc<\/strong>.<\/p>\n\n\n\n<p>Sie finden es ge\u00f6ffnet f\u00fcr <strong>Abendessen von Donnerstag bis Sonntag<\/strong> und haben die M\u00f6glichkeit, ein <strong>Degustationsmen\u00fc<\/strong> mit den besten Zubereitungen zu probieren. Das <strong>Sonntagsmittagessen<\/strong> d\u00fcrfen Sie nicht verpassen, da sie ein Men\u00fc anbieten, bei dem <strong>Reisgerichte<\/strong> die Hauptrolle spielen.<\/p>\n\n\n\n<hr class=\"wp-block-separator has-alpha-channel-opacity\"\/>\n\n\n\n<h2 class=\"wp-block-heading\"><strong>Adri\u00e1n Quetglas<\/strong><\/h2>\n\n\n\n<p><strong>Adri\u00e1n Quetglas<\/strong> ist ein Restaurant auf Mallorca, das den Namen seines Chefkochs tr\u00e4gt und eine <strong>Marktk\u00fcche<\/strong> anbietet, die <strong>Tradition mit den avantgardistischsten Ideen<\/strong> vermischt. Laut dem Autor ist diese Mischung die perfekte Konjunktion. Auf seiner Speisekarte finden Sie <strong>zwei Degustationsmen\u00fcs<\/strong>, zwischen denen Sie w\u00e4hlen k\u00f6nnen, und beiden kann die <strong>Weinbegleitung<\/strong> hinzugef\u00fcgt werden.<\/p>\n\n\n\n<p>Dieses Restaurant liegt im <strong>Zentrum von Palma de Mallorca<\/strong>, der Hauptstadt der Insel, genauer gesagt am <strong>Passeig de Mallorca<\/strong>. Es \u00f6ffnet <strong>dienstags bis samstags<\/strong>, um seinen prominentesten Kunden die besten Mittag- und Abendessen anzubieten. Zweifellos ein weiteres <strong>Michelin-Stern-Restaurant auf Mallorca<\/strong>, das es wert ist, kennengelernt zu werden.<\/p>\n\n\n\n<hr class=\"wp-block-separator has-alpha-channel-opacity\"\/>\n\n\n\n<h2 class=\"wp-block-heading\"><strong>Bens d&#8217;Avall<\/strong><\/h2>\n\n\n\n<p><strong>Bens d&#8217;Avall<\/strong> \u00f6ffnete seine T\u00fcren schon vor langer Zeit und bot eine <strong>traditionelle mallorquinische K\u00fcche<\/strong> an. Die Mutter und Gro\u00dfmutter von <strong>Benet Vicens<\/strong> (dem aktuellen Chefkoch) standen damals am Herd. Heute kocht Chefkoch Vicens zusammen mit seinem Sohn, einem sehr talentierten Koch, und beide haben den lang ersehnten <strong>Michelin-Stern<\/strong> erhalten.<\/p>\n\n\n\n<p>Die Terrasse dieses abgelegenen und ruhigen Ortes bietet <strong>spektakul\u00e4re Aussichten<\/strong> auf die Berge und das Mittelmeer. Die angebotene K\u00fcche ist <strong>gesund, nat\u00fcrlich und sehr kreativ<\/strong>. Der Chefkoch selbst sagt, dass seine Gerichte als <strong>\u201ebalearische Autorenk\u00fcche&#8220;<\/strong> definiert werden, die die Werte der Inselkultur, ihrer Wurzeln, Produkte und Aromen f\u00f6rdert.<\/p>\n\n\n\n<hr class=\"wp-block-separator has-alpha-channel-opacity\"\/>\n\n\n\n<h2 class=\"wp-block-heading\"><strong>Es Fum<\/strong><\/h2>\n\n\n\n<p>Wir beenden unsere Auswahl der besten Michelin-Stern-Restaurants auf Mallorca mit <strong>Es Fum<\/strong>, das sich im Inneren des luxuri\u00f6sen <strong>Hotels St. Regis Mardavall<\/strong> befindet. Sein <strong>kanarischer Koch Miguel Navarro<\/strong> wurde neben <strong>Mart\u00edn Berasategui<\/strong> ausgebildet und scheut sich nicht, <strong>asiatische und lateinamerikanische Einfl\u00fcsse<\/strong> in einer perfekten Fusion mit mediterranen Zutaten auszuprobieren.<\/p>\n\n\n\n<p>Es bietet <strong>zwei Degustationsmen\u00fcs<\/strong> an, bei denen Sie die exklusivsten Gerichte probieren und mit dem <strong>am besten passenden Wein<\/strong> zu jedem Anlass kombinieren k\u00f6nnen.<\/p>\n\n\n\n<hr class=\"wp-block-separator has-alpha-channel-opacity\"\/>\n\n\n\n<p>Wissen Sie bereits, in welchem der <strong>Michelin-Stern-Restaurants auf Mallorca<\/strong> Sie Ihren Tisch reservieren werden? Denken Sie daran, dies <strong>weit im Voraus<\/strong> zu tun, da die Kalender dieser Etablissements oft sehr voll sind \u2014 und wir bei <a href=\"https:\/\/roig.com\/de\/rent-a-car\/\"><strong>ROIG Rent a Car<\/strong> <\/a>m\u00f6chten nicht, dass Sie dieses <strong>gastronomische Erlebnis<\/strong> auf unserer Insel verpassen.<\/p>\n","protected":false},"excerpt":{"rendered":"<p>Wenn Sie die Haute Cuisine lieben, m\u00f6chten wir Ihnen die Michelin-Sterne-Restaurants auf Mallorca vorstellen! Der Mittelmeerraum ist bekannt f\u00fcr seine Gastronomie, die auf erstklassigen, frischen Zutaten basiert, die frisch vom Land oder aus dem Meer bezogen werden. Die Balearen sind eine Region mit einer gro\u00dfen Vielfalt an typischen Gerichten und Mallorca ist ihre gr\u00f6\u00dfte Insel.<\/p>\n","protected":false},"author":1,"featured_media":6111,"comment_status":"open","ping_status":"open","sticky":false,"template":"","format":"standard","meta":{"footnotes":""},"categories":[155,149,150,154,159],"tags":[45,264,413,188,266],"class_list":["post-7861","post","type-post","status-publish","format-standard","has-post-thumbnail","hentry","category-ausfluge-mit-roig","category-news","category-mallorca-de","category-mallorca-entdecken","category-typisches-mallorca","tag-a-pie","tag-mallorca-de","tag-naturaleza-de","tag-parques-de-atracciones","tag-pueblos-de"],"_links":{"self":[{"href":"https:\/\/roig.com\/de\/wp-json\/wp\/v2\/posts\/7861","targetHints":{"allow":["GET"]}}],"collection":[{"href":"https:\/\/roig.com\/de\/wp-json\/wp\/v2\/posts"}],"about":[{"href":"https:\/\/roig.com\/de\/wp-json\/wp\/v2\/types\/post"}],"author":[{"embeddable":true,"href":"https:\/\/roig.com\/de\/wp-json\/wp\/v2\/users\/1"}],"replies":[{"embeddable":true,"href":"https:\/\/roig.com\/de\/wp-json\/wp\/v2\/comments?post=7861"}],"version-history":[{"count":1,"href":"https:\/\/roig.com\/de\/wp-json\/wp\/v2\/posts\/7861\/revisions"}],"predecessor-version":[{"id":28354,"href":"https:\/\/roig.com\/de\/wp-json\/wp\/v2\/posts\/7861\/revisions\/28354"}],"wp:featuredmedia":[{"embeddable":true,"href":"https:\/\/roig.com\/de\/wp-json\/wp\/v2\/media\/6111"}],"wp:attachment":[{"href":"https:\/\/roig.com\/de\/wp-json\/wp\/v2\/media?parent=7861"}],"wp:term":[{"taxonomy":"category","embeddable":true,"href":"https:\/\/roig.com\/de\/wp-json\/wp\/v2\/categories?post=7861"},{"taxonomy":"post_tag","embeddable":true,"href":"https:\/\/roig.com\/de\/wp-json\/wp\/v2\/tags?post=7861"}],"curies":[{"name":"wp","href":"https:\/\/api.w.org\/{rel}","templated":true}]}}