{"id":7742,"date":"2022-02-04T13:36:53","date_gmt":"2022-02-04T12:36:53","guid":{"rendered":"https:\/\/roig.it-satzinger.de\/blog\/ausflug-nach-palma-und-valldemossa-auf-mallorca\/"},"modified":"2026-04-22T14:33:03","modified_gmt":"2026-04-22T12:33:03","slug":"palma-valldemossa","status":"publish","type":"post","link":"https:\/\/roig.com\/de\/palma-valldemossa\/","title":{"rendered":"Ausflug nach Palma und Valldemossa auf Mallorca"},"content":{"rendered":"\n<p>Wie Sie sicherlich wissen, ist die Insel Mallorca voller <strong>Kontraste<\/strong>, und dieser Ausflug m\u00f6chte Ihnen die <strong>zwei Seiten derselben Medaille<\/strong> zeigen. Um die Geschichte kennenzulernen und die strategische Lage der Hauptstadt in einen Kontext zu setzen, unternehmen Sie eine <strong>Busfahrt<\/strong>, bei der unser <strong>Audio- und Videosystem<\/strong> Sie durch die interessantesten Zonen und Anekdoten f\u00fchrt.<\/p>\n\n\n\n<p>Der <strong>ROIG Bus<\/strong> bringt Sie mitten ins <strong>Herz der Stadt<\/strong>, damit Sie zwischen der Option w\u00e4hlen k\u00f6nnen, die Ihnen am meisten zusagt: <strong>Einkaufen<\/strong> oder die <strong>Altstadt besichtigen<\/strong>. Wenn Sie die erste w\u00e4hlen, k\u00f6nnen Sie durch die sogenannte <strong>\u201egoldene Meile&#8220;<\/strong> schlendern, wo Sie die Gesch\u00e4fte der <strong>besten Marken<\/strong> finden. Wenn Sie hingegen die andere w\u00e4hlen, entdecken Sie die <strong>mittelalterlichen Stra\u00dfen Palmas<\/strong>, wo sich die pr\u00e4chtigen <strong>Herrenh\u00e4user, die Kathedrale der Stadt<\/strong> und der <strong>Palast der Almudaina<\/strong> befinden.<\/p>\n\n\n\n<p>Nach dieser Freizeit ist es an der Zeit, wieder loszufahren und sich zum wundersch\u00f6nen Dorf <strong>Valldemossa<\/strong> zu begeben. Bekannt f\u00fcr seinen <strong>l\u00e4ndlichen Charme<\/strong>, ist es einer der wenigen Orte der Insel, der die <strong>traditionelle Architektur<\/strong> bewahrt hat, weshalb sein Wert noch gr\u00f6\u00dfer ist. Spazieren Sie durch das Zentrum und bewundern Sie das <strong>Panorama der Sierra de Tramuntana<\/strong>, um diesen Ausflug mit einem <strong>herrlichen Nachgeschmack<\/strong> zu beenden.<\/p>\n\n\n\n<hr class=\"wp-block-separator has-alpha-channel-opacity\"\/>\n\n\n\n<h2 class=\"wp-block-heading\"><strong>So unternehmen Sie die Route durch Palma und Valldemossa mit dem Bus<\/strong><\/h2>\n\n\n\n<p>Sie k\u00f6nnen Palma bequem mit einem unserer <strong>Taxis auf Mallorca<\/strong> erreichen und diese historische und panoramische Route auf eigene Faust erkunden. Eine weitaus komfortablere Option ist es jedoch, den <strong>Services von ROIG Bus<\/strong> zu vertrauen, die Ihre Panoramaroute durch Palma zu einem <strong>unvergesslichen Tag<\/strong> machen werden. Nachfolgend werden die Abholpunkte des Busses angegeben:<\/p>\n\n\n\n<p><strong>S\u00dcDOSTEN:<\/strong> Cala Mondrag\u00f3 \u2013 Cala Barca \u2013 Cala Egos \u2013 Porto Cari \u2013 Cala D&#8217;or \u2013 Cala Ferrera \u2013 Cala Serena \u2013 Porto Colom<\/p>\n\n\n\n<p><strong>OSTEN:<\/strong> Porto Cristo \u2013 Cala Mand\u00eda \u2013 Cala Rom\u00e1ntica \u2013 Calas de Mallorca \u2013 Cala Tropicana \u2013 Cala Murada \u2013 Cala Figuera \u2013 Cala Santany\u00ed \u2013 Colonia Sant Jordi<\/p>\n\n\n\n<hr class=\"wp-block-separator has-alpha-channel-opacity\"\/>\n\n\n\n<h2 class=\"wp-block-heading\"><strong>Reservierungen f\u00fcr die Busroute durch Palma und Valldemossa<\/strong><\/h2>\n\n\n\n<p>Wenn Sie eine <strong>Panoramaroute durch Palma mit Kathedralenbesuch<\/strong> reservieren m\u00f6chten, um die Wunder dieser Stadt ausf\u00fchrlich zu entdecken, m\u00fcssen Sie sich lediglich mit <strong>ROIG Bus<\/strong> in Verbindung setzen und dabei den <strong>gew\u00fcnschten Ausflugstag<\/strong> sowie die <strong>Anzahl der teilnehmenden Personen<\/strong> angeben. Teilen Sie uns auch mit, ob sich unter den Teilnehmern <strong>Minderj\u00e4hrige unter 18 Jahren<\/strong> befinden. Unser Team wird Sie \u00fcber die <strong>Bedingungen und Preise<\/strong> dieses einzigartigen Erlebnisses informieren.<\/p>\n\n\n\n<p>Rufen Sie uns an unter <strong>+34 971 65 71 73<\/strong> oder schreiben Sie uns eine <strong>E-Mail mit Ihren Daten an <a href=\"mailto:info@roig.com\">info@roig.com<\/a><\/strong><\/p>\n","protected":false},"excerpt":{"rendered":"<p>Auf diesem Ausflug besuchen Sie Palma mit einem Panorama- bus, dessen Sitze alle mit einem Audio-Video-System ausgestattet sind. Au\u00dferdem werden Sie das im Tramuntana-Gebirge gelegene Dorf Valldemossa kennenlernen. Genie\u00dfen Sie die Landschaft und spazieren Sie durch dieses charmante Dorf, in dem die traditionelle Architektur noch vorhanden ist.<\/p>\n","protected":false},"author":1,"featured_media":4690,"comment_status":"open","ping_status":"open","sticky":false,"template":"","format":"standard","meta":{"footnotes":""},"categories":[155,149,154],"tags":[],"class_list":["post-7742","post","type-post","status-publish","format-standard","has-post-thumbnail","hentry","category-ausfluge-mit-roig","category-news","category-mallorca-entdecken"],"_links":{"self":[{"href":"https:\/\/roig.com\/de\/wp-json\/wp\/v2\/posts\/7742","targetHints":{"allow":["GET"]}}],"collection":[{"href":"https:\/\/roig.com\/de\/wp-json\/wp\/v2\/posts"}],"about":[{"href":"https:\/\/roig.com\/de\/wp-json\/wp\/v2\/types\/post"}],"author":[{"embeddable":true,"href":"https:\/\/roig.com\/de\/wp-json\/wp\/v2\/users\/1"}],"replies":[{"embeddable":true,"href":"https:\/\/roig.com\/de\/wp-json\/wp\/v2\/comments?post=7742"}],"version-history":[{"count":1,"href":"https:\/\/roig.com\/de\/wp-json\/wp\/v2\/posts\/7742\/revisions"}],"predecessor-version":[{"id":28357,"href":"https:\/\/roig.com\/de\/wp-json\/wp\/v2\/posts\/7742\/revisions\/28357"}],"wp:featuredmedia":[{"embeddable":true,"href":"https:\/\/roig.com\/de\/wp-json\/wp\/v2\/media\/4690"}],"wp:attachment":[{"href":"https:\/\/roig.com\/de\/wp-json\/wp\/v2\/media?parent=7742"}],"wp:term":[{"taxonomy":"category","embeddable":true,"href":"https:\/\/roig.com\/de\/wp-json\/wp\/v2\/categories?post=7742"},{"taxonomy":"post_tag","embeddable":true,"href":"https:\/\/roig.com\/de\/wp-json\/wp\/v2\/tags?post=7742"}],"curies":[{"name":"wp","href":"https:\/\/api.w.org\/{rel}","templated":true}]}}