{"id":7725,"date":"2022-02-02T17:00:20","date_gmt":"2022-02-02T16:00:20","guid":{"rendered":"https:\/\/roig.it-satzinger.de\/blog\/ausflug-zum-felanitx-markt-und-zum-kloster-von-san-salvador-auf-mallorca\/"},"modified":"2026-04-22T14:22:23","modified_gmt":"2026-04-22T12:22:23","slug":"markt-von-felanitx","status":"publish","type":"post","link":"https:\/\/roig.com\/de\/markt-von-felanitx\/","title":{"rendered":"Ausflug zum Felanitx-Markt und zum Kloster von San Salvador auf Mallorca"},"content":{"rendered":"\n<p>Einer der <strong>charmantesten Winkel im S\u00fcdosten der Insel Mallorca<\/strong> ist das Dorf <strong>Felanitx<\/strong>, das sich durch seine zahlreichen historischen \u00dcberreste und seine nat\u00fcrliche Umgebung auszeichnet. Einer der sch\u00f6nsten Orte dieser Ortschaft ist das <strong>Kloster San Salvador<\/strong>, das auf dem Gipfel der <strong>Serra de Llevant<\/strong> auf <strong>509 Metern \u00fcber dem Meeresspiegel<\/strong> liegt. Im Jahr <strong>1346 gegr\u00fcndet<\/strong>, bietet es eine wundersch\u00f6ne <strong>Panoramaaussicht<\/strong> auf die S\u00fcdostk\u00fcste der Insel. Als Haus des M\u00f6nchsordens bis <strong>1992<\/strong> finden Sie hier zwei Aussichtspunkte, die von zwei verschiedenen Wahrzeichen gekr\u00f6nt werden: einem <strong>gro\u00dfen Kreuz von 14 Metern<\/strong> und einer <strong>23 Meter hohen S\u00e4ule<\/strong> zu Ehren Jesu Christi. Das Beste an diesem Ort sind seine <strong>spektakul\u00e4ren Aussichten<\/strong> \u00fcber die Insel, die sogar den <strong>Archipel Cabrera<\/strong>, das <strong>Schloss Santueri<\/strong> oder das <strong>Kap Formentor<\/strong> erreichen.<\/p>\n\n\n\n<p>Ein weiteres Ziel dieses Ausflugs liegt genau im <strong>Herzen des Dorfes<\/strong>, denn der <strong>Markt von Felanitx<\/strong> ist eines der Ereignisse, das w\u00f6chentlich die meisten Menschen anzieht. Jeden <strong>Sonntag<\/strong> versammeln sich die H\u00e4ndler auf dem Platz, um den Passanten ihre Produkte anzubieten. Auf diesem <strong>farbenfrohen Markt<\/strong> k\u00f6nnen Sie eine gro\u00dfe Menge an <strong>Kilometro-0-Lebensmitteln<\/strong> und einige <strong>handgefertigte Produkte<\/strong> kaufen, ideal zum Verschenken oder als Souvenir f\u00fcr zu Hause.<\/p>\n\n\n\n<p>Der Ausflug zum <strong>Markt von Felanitx<\/strong> und dem <strong>Kloster San Salvador<\/strong> ist ideal, um einen <strong>anderen Tag mit Freunden oder der Familie<\/strong> zu verbringen \u2014 z\u00f6gern Sie also nicht l\u00e4nger und reservieren Sie bei uns.<\/p>\n\n\n\n<hr class=\"wp-block-separator has-alpha-channel-opacity\"\/>\n\n\n\n<h2 class=\"wp-block-heading\"><strong>So gelangen Sie mit dem Bus nach Felanitx und zum Kloster San Salvador<\/strong><\/h2>\n\n\n\n<p><strong>50 Kilometer von Palma<\/strong> entfernt gelegen, k\u00f6nnen Sie dieses Dorf bequem mit unseren <strong><a href=\"https:\/\/roig.com\/de\/rent-a-car\/\">Mietwagen auf Mallorca<\/a><\/strong> erreichen. Aber warum lassen Sie sich nicht von unseren <strong>erfahrenen Fahrern<\/strong> durch unseren Ausflug zum <strong>Markt von Felanitx<\/strong> f\u00fchren, um seine Geheimnisse aus erster Hand kennenzulernen? Unser <strong>ROIG Bus<\/strong> holt Sie an einer der folgenden Haltestellen ab:<\/p>\n\n\n\n<p><strong>S\u00dcDOSTEN:<\/strong> Cala Mondrag\u00f3 \u2013 Cala Barca \u2013 Cala Egos \u2013 Porto Cari \u2013 Cala D&#8217;or \u2013 Cala Ferrera \u2013 Cala Serena \u2013 Porto Colom<\/p>\n\n\n\n<p><strong>OSTEN:<\/strong> Porto Cristo \u2013 Cala Mand\u00eda \u2013 Cala Rom\u00e1ntica \u2013 Calas de Mallorca \u2013 Cala Tropicana \u2013 Cala Murada \u2013 Cala Figuera \u2013 Cala Santany\u00ed \u2013 Colonia Sant Jordi<\/p>\n\n\n\n<p>Denken Sie daran, dass die <strong>genauen Abholpunkte<\/strong> nach Ihrer Reservierung mitgeteilt werden.<\/p>\n\n\n\n<hr class=\"wp-block-separator has-alpha-channel-opacity\"\/>\n\n\n\n<h2 class=\"wp-block-heading\"><strong>Reservierungen f\u00fcr den Busausflug nach Felanitx und zum Kloster San Salvador<\/strong><\/h2>\n\n\n\n<p>Wenn Sie einen Ausflug zum <strong>Markt von Felanitx<\/strong> und dem <strong>Kloster San Salvador<\/strong> reservieren m\u00f6chten, m\u00fcssen Sie sich lediglich mit <strong>ROIG Bus<\/strong> in Verbindung setzen und dabei den <strong>gew\u00fcnschten Ausflugstag<\/strong> sowie die <strong>Anzahl der teilnehmenden Personen<\/strong> angeben. Unser Team wird Sie \u00fcber die <strong>Bedingungen und Preise<\/strong> dieses einzigartigen Erlebnisses informieren.<\/p>\n\n\n\n<p>Rufen Sie uns an unter <strong>+34 971 65 71 73<\/strong> oder schreiben Sie uns eine <strong>E-Mail mit Ihren Daten an <a href=\"mailto:info@roig.com\">info@roig.com<\/a><\/strong><\/p>\n\n\n\n<p><a href=\"https:\/\/www.roig.com\/wp-content\/uploads\/2018\/04\/profile-felanitx.jpg\"><\/a><\/p>\n","protected":false},"excerpt":{"rendered":"<p>Bei dieser Tour besuchen Sie das Kloster von San Salvador, dass 509m \u00fcber dem Meeresspiegel liegt und im Jahr 1346 erbaut wurde. Von dort haben Sie einen wundersch\u00f6nen Ausblick auf den S\u00fcd-Osten der Insel. Zudem bringen wir Sie zum Markt in Felanitx, wo Sie traditionelle mallorquinische Produkte und Lebensmittel erwerben k\u00f6nnen.<\/p>\n","protected":false},"author":1,"featured_media":4488,"comment_status":"open","ping_status":"open","sticky":false,"template":"","format":"standard","meta":{"footnotes":""},"categories":[155,154],"tags":[],"class_list":["post-7725","post","type-post","status-publish","format-standard","has-post-thumbnail","hentry","category-ausfluge-mit-roig","category-mallorca-entdecken"],"_links":{"self":[{"href":"https:\/\/roig.com\/de\/wp-json\/wp\/v2\/posts\/7725","targetHints":{"allow":["GET"]}}],"collection":[{"href":"https:\/\/roig.com\/de\/wp-json\/wp\/v2\/posts"}],"about":[{"href":"https:\/\/roig.com\/de\/wp-json\/wp\/v2\/types\/post"}],"author":[{"embeddable":true,"href":"https:\/\/roig.com\/de\/wp-json\/wp\/v2\/users\/1"}],"replies":[{"embeddable":true,"href":"https:\/\/roig.com\/de\/wp-json\/wp\/v2\/comments?post=7725"}],"version-history":[{"count":1,"href":"https:\/\/roig.com\/de\/wp-json\/wp\/v2\/posts\/7725\/revisions"}],"predecessor-version":[{"id":28351,"href":"https:\/\/roig.com\/de\/wp-json\/wp\/v2\/posts\/7725\/revisions\/28351"}],"wp:featuredmedia":[{"embeddable":true,"href":"https:\/\/roig.com\/de\/wp-json\/wp\/v2\/media\/4488"}],"wp:attachment":[{"href":"https:\/\/roig.com\/de\/wp-json\/wp\/v2\/media?parent=7725"}],"wp:term":[{"taxonomy":"category","embeddable":true,"href":"https:\/\/roig.com\/de\/wp-json\/wp\/v2\/categories?post=7725"},{"taxonomy":"post_tag","embeddable":true,"href":"https:\/\/roig.com\/de\/wp-json\/wp\/v2\/tags?post=7725"}],"curies":[{"name":"wp","href":"https:\/\/api.w.org\/{rel}","templated":true}]}}