{"id":7574,"date":"2022-01-26T15:10:38","date_gmt":"2022-01-26T14:10:38","guid":{"rendered":"https:\/\/roig.it-satzinger.de\/blog\/erkunden-sie-die-sierra-de-tramuntana-mit-dem-auto\/"},"modified":"2026-04-22T13:41:34","modified_gmt":"2026-04-22T11:41:34","slug":"erkunden-sie-die-sierra-de-tramuntana-mit-dem-auto","status":"publish","type":"post","link":"https:\/\/roig.com\/de\/erkunden-sie-die-sierra-de-tramuntana-mit-dem-auto\/","title":{"rendered":"ERKUNDEN SIE DIE SIERRA DE TRAMUNTANA MIT DEM AUTO"},"content":{"rendered":"\n<p>Von Andratx bis Pollen\u00e7a erstreckt sich das <strong>einzigartigste Naturgebiet Mallorcas<\/strong>: die <strong>Sierra de Tramuntana<\/strong>. Dank ihrer nat\u00fcrlichen Sch\u00f6nheit und der Art und Weise, wie sich ihre Bewohner an die einzigartige Topografie des Ortes angepasst haben, wurde sie <strong>2011 zum Weltkulturerbe<\/strong> erkl\u00e4rt. Da sich hier der h\u00f6chste Punkt der Insel befindet, ist es nicht verwunderlich, dass ihr schroffer Umriss Besucher dazu einl\u00e4dt, diese Zone mit einem <strong>Mietwagen auf Mallorca<\/strong> zu erkunden. Dies ist eine der beliebtesten Optionen, um dieses Gebiet zu besuchen, da Sie die <strong>Freiheit<\/strong> haben, die verstecktesten Winkel ohne Zeitdruck, sorgenfrei und in Ihrem eigenen Tempo zu erreichen. Aus diesem Grund m\u00f6chte <strong>ROIG Rent a Car<\/strong> Ihnen einige Vorschl\u00e4ge geben, um die Sierra de Tramuntana mit dem Auto zu erkunden, damit Sie Ihre eigene Route w\u00e4hlen k\u00f6nnen, ohne etwas zu verpassen.<\/p>\n\n\n\n<hr class=\"wp-block-separator has-alpha-channel-opacity\"\/>\n\n\n\n<h2 class=\"wp-block-heading\"><strong>Was man in der Sierra de Tramuntana sehen kann<\/strong><\/h2>\n\n\n\n<p>Wenn Sie auf der Suche nach einer <strong>Autoroute durch die Sierra de Tramuntana<\/strong> sind, sollten Sie zun\u00e4chst ihre Naturlandschaften entdecken, die ihr diesen einzigartigen und unwiederholbaren Charakter verliehen haben. Nachfolgend stellen wir Ihnen die Orte vor, die Sie nicht verpassen d\u00fcrfen:<\/p>\n\n\n\n<p><strong>Torre del Verger.<\/strong> Die strategische Lage der Sierra f\u00fchrte dazu, dass in der Neuzeit ein Netz von <strong>K\u00fcstenwacht- und Signalt\u00fcrmen<\/strong> errichtet wurde. Obwohl Sie auf Ihrer Route viele davon finden werden, empfehlen wir Ihnen die herrlichen Aussichten dieses im <strong>16. Jahrhundert<\/strong> erbauten Turms.<\/p>\n\n\n\n<p><strong>Sa Foradada.<\/strong> Ein obligatorischer Stopp ist dieser kuriose Aussichtspunkt. Von hier aus haben Sie eine <strong>herrliche Aussicht auf das Mittelmeer<\/strong> und auf die unglaublichen Felsformationen, die im Laufe der Jahre entstanden sind. Die bekannteste ist die, die dem Ort seinen Namen gibt \u2014 ein Fels mit einem Loch, der der Form der Insel \u00e4hneln soll.<\/p>\n\n\n\n<p><strong>Jardins d&#8217;Alf\u00e0bia.<\/strong> Auf Ihrer Route sollten Sie unbedingt an diesem <strong>historischen Anwesen<\/strong> Halt machen, das repr\u00e4sentativ f\u00fcr die mallorquinische Kultur ist und \u00fcber G\u00e4rten im Son-Stil verf\u00fcgt, eine typische Sch\u00f6pfung der Insel mit hispanisch-arabischer Herkunft.<\/p>\n\n\n\n<p><strong>C\u00faber und El Gorg Blau.<\/strong> Im Schatten des <strong>Puig Major<\/strong>, dem h\u00f6chsten Gipfel Mallorcas, befinden sich die k\u00fcnstlichen Seen des <strong>Gorg Blau und C\u00faber<\/strong>, zwei ideale Orte f\u00fcr einen entspannten Moment inmitten der Berge, bei dem man die unglaublichen Reflexionen im Wasser bewundert. Aufgrund ihres landschaftlichen Reichtums wurden sie zu <strong>Schutzgebieten<\/strong> erkl\u00e4rt.<\/p>\n\n\n\n<p><strong>Torrent de Pareis.<\/strong> Eine der spektakul\u00e4rsten Naturformationen ist dieser Bach, der die Sierra durchquert und ins Meer m\u00fcndet. Lassen Sie Ihr Auto stehen und begeben Sie sich auf diesen Weg, der Sie zu einigen der <strong>sch\u00f6nsten Winkel der Gegend<\/strong> f\u00fchrt.<\/p>\n\n\n\n<p><strong>Heiligtum von Lluc.<\/strong> Wenn Sie den kurvenreichen Stra\u00dfen der Sierra folgen, gelangen Sie zum <strong>Heiligtum von Lluc<\/strong>, das im <strong>13. Jahrhundert<\/strong> gegr\u00fcndet wurde und der Ort ist, an dem die gleichnamige Jungfrau erschienen sein soll. Es lohnt sich, die naturbelassene Umgebung seiner G\u00e4rten kennenzulernen oder anzuhalten, um die <strong>lokale Gastronomie<\/strong> zu kosten.<\/p>\n\n\n\n<p><strong>Weinberge von Mortitx.<\/strong> Lernen Sie die <strong>Weintradition der Gegend<\/strong> kennen, indem Sie durch die herrlichen Wei\u00dfweinreben spazieren und ihre Weine in einer unvergleichlichen Landschaft verkosten.<\/p>\n\n\n\n<p><strong>El Castell del Rei.<\/strong> Parken Sie Ihren Mietwagen an der Stelle, an der die Stra\u00dfe der r\u00f6mischen Br\u00fccke von Pollen\u00e7a endet, und begeben Sie sich auf eine <strong>Wanderung zum Gipfel<\/strong>, wo sich die Ruinen dieses von den Arabern errichteten und von K\u00f6nig <strong>Jaume I.<\/strong> verst\u00e4rkten Schlosses befinden. Beachten Sie, dass es sich auf einem Privatgel\u00e4nde befindet, weshalb Sie nur mit vorheriger Genehmigung und mit einem Guide Zugang haben.<\/p>\n\n\n\n<p><strong>Talaia d&#8217;Albercutx.<\/strong> Einer der letzten Wacht\u00fcrme auf dem Weg ist dieser der <strong>Sierra del Cavall Bernat<\/strong>. Auf <strong>380 Metern H\u00f6he<\/strong> gelegen, k\u00f6nnen Sie von hier aus die Aussichten auf das <strong>Kap Formentor<\/strong> oder das <strong>Inselchen El Colomer<\/strong> bewundern.<\/p>\n\n\n\n<p><strong>Cap de Formentor.<\/strong> Beenden Sie diese Autoroute durch die Sierra de Tramuntana auf der <strong>n\u00f6rdlichsten Halbinsel der Insel<\/strong>. Die herrlichen Aussichten beim Sonnenuntergang und ein Besuch der <strong>Insel Es Colomer<\/strong> werden diese gro\u00dfartige Reise durch das wildeste Mallorca abschlie\u00dfen.<\/p>\n\n\n\n<hr class=\"wp-block-separator has-alpha-channel-opacity\"\/>\n\n\n\n<h2 class=\"wp-block-heading\"><strong>Die sch\u00f6nsten Buchten der Sierra de Tramuntana<\/strong><\/h2>\n\n\n\n<p>Ein eigenes Kapitel verdienen die <strong>Buchten<\/strong>, die sich hinter den Klippen dieser Sierra verstecken. Mit Ihrem <strong>Mietwagen ohne Selbstbeteiligung auf Mallorca<\/strong> werden Sie sie leicht erreichen. Wir w\u00e4hlen nur einige aus, bei denen Sie auf dem Weg Halt machen k\u00f6nnen:<\/p>\n\n\n\n<p><strong>Sa Calobra.<\/strong> Neben dem Torrent de Pareis befindet sich diese kleine Bucht mit <strong>Kieselsteinen<\/strong>, umgeben von Felsen und einigen kleinen Fischerkonstruktionen.<\/p>\n\n\n\n<p><strong>Cala Dei\u00e0.<\/strong> Eine der sch\u00f6nsten Mallorcas ist die <strong>Cala Dei\u00e0<\/strong> mit ihrem transparenten Wasser und ihrer zauberhaften Umgebung. Finden Sie Ihren Winkel zwischen den Felsen und bewundern Sie die <strong>t\u00fcrkisfarbenen Reflexionen<\/strong> des Mittelmeers.<\/p>\n\n\n\n<p><strong>Cala Figuera.<\/strong> Ein weiterer Klassiker ist dieser kleine <strong>Feinsandstrand<\/strong> in Santany\u00ed. Viele Jahre lang war er ein Fischerhafen, weshalb er noch immer diesen einzigartigen Charme bewahrt.<\/p>\n\n\n\n<p><strong>Cala Tuent.<\/strong> Am Fu\u00dfe des Puig Major befindet sich die <strong>gr\u00f6\u00dfte Bucht der gesamten Zone<\/strong> und eine der wenigen, die ihr urspr\u00fcngliches Aussehen bewahrt hat.<\/p>\n\n\n\n<p><strong>Cala de Llucalcari.<\/strong> Eine der weniger bekannten, aber deshalb nicht weniger sch\u00f6nen, ist diese in der N\u00e4he von Dei\u00e0. Auch <strong>Es Canyeret<\/strong> genannt, eine ruhige Bucht, in der Sie gem\u00fctlich bis zur <strong>Cova Fosca<\/strong> gehen k\u00f6nnen, einer H\u00f6hle, die sich in kurzer Entfernung vom Strand befindet.<\/p>\n\n\n\n<hr class=\"wp-block-separator has-alpha-channel-opacity\"\/>\n\n\n\n<h2 class=\"wp-block-heading\"><strong>Die Gemeinden der Sierra de Tramuntana<\/strong><\/h2>\n\n\n\n<p>Aber wenn es ein Element gibt, das noch charmanter als die oben beschriebenen ist, um die Sierra de Tramuntana mit dem Auto zu erkunden, dann sind es die <strong>D\u00f6rfer<\/strong>, die sich darin befinden. Hier sind die Gemeinden, die Sie auf Ihrer Route besuchen sollten:<\/p>\n\n\n\n<p><strong>Andratx.<\/strong> Beginnen Sie Ihre Route durch die D\u00f6rfer der Sierra mit einem Besuch des <strong>historischen Kerns<\/strong> dieser Gemeinde sowie ihres nat\u00fcrlichen Hafens.<\/p>\n\n\n\n<p><strong>Estellencs.<\/strong> Auf dem Puig de Galatz\u00f3 gelegen, gliedert sich diese Gemeinde in einem <strong>labyrinthischen Netz gepflasterter Gassen<\/strong>, die Sie zur sch\u00f6nen Bucht des Dorfes f\u00fchren.<\/p>\n\n\n\n<p><strong>Banyalbufar.<\/strong> Dieses spektakul\u00e4re K\u00fcstendorf bewahrt einige Beispiele mallorquinischer <strong>Zivilarchitektur aus dem 16. Jahrhundert<\/strong> und ist eingerahmt von Malvas\u00eda-Feldern, der typischen Weintraube der Gegend, mit der ihr ausgezeichneter Wein hergestellt wird.<\/p>\n\n\n\n<p><strong>Valldemossa.<\/strong> Eines der charmantesten D\u00f6rfer ist dieses, in dem Dutzende von K\u00fcnstlern beschlossen haben, eine Zeit lang zu verweilen. Eines seiner wichtigsten Elemente ist die <strong>Kartause<\/strong>, wo <strong>George Sand und Chopin<\/strong> einen romantischen Winter verbrachten.<\/p>\n\n\n\n<p><strong>Bunyola.<\/strong> Klein aber gepflegt, atmet Bunyola <strong>Ruhe inmitten der Sierra<\/strong>. Wir empfehlen Ihnen, bei seinem kleinen <strong>Wochenmarkt<\/strong> vorbeizuschauen, der jeden <strong>Mittwoch und Samstag<\/strong> stattfindet.<\/p>\n\n\n\n<p><strong>Dei\u00e0.<\/strong> Bekannt daf\u00fcr, die von vielen ber\u00fchmten Pers\u00f6nlichkeiten f\u00fcr ihre Mallorca-Ferien gew\u00e4hlte Gemeinde zu sein, birgt es auch einige der <strong>spektakul\u00e4rsten Naturlandschaften und Buchten<\/strong> der Zone.<\/p>\n\n\n\n<p><strong>Alar\u00f3.<\/strong> Zwischen zwei Bergen liegt dieses kleine Dorf, in dem sich eine der <strong>mittelalterlichen Burgen<\/strong> befindet, die noch (teilweise) erhalten ist. Ideal, wenn Sie au\u00dferdem Ihr Fahrrad mitnehmen oder gerne wandern \u2014 hier haben Sie <strong>herrliche Aussichten<\/strong> auf die Sierra.<\/p>\n\n\n\n<p><strong>Fornalutx.<\/strong> Hier k\u00f6nnen Sie sich ein gutes Bild der f\u00fcr die Sierra typischen <strong>Architektur<\/strong> machen, da Beispiele von Bauten aus dem <strong>16. Jahrhundert<\/strong> zu sehen sind, wie das Casal de <strong>Can Arbona<\/strong>, das Sie sicher \u00fcberraschen wird.<\/p>\n\n\n\n<p><strong>Pollen\u00e7a.<\/strong> Um Ihre Autoroute durch die Sierra de Tramuntana und ihre Gemeinden zu beenden, empfehlen wir Ihnen, diese K\u00fcstenstadt zu besuchen, die nicht nur die <strong>Klippen von Formentor<\/strong> beherbergt, sondern auch einige der <strong>sch\u00f6nsten Buchten im Norden der Insel<\/strong> verbirgt.<\/p>\n\n\n\n<hr class=\"wp-block-separator has-alpha-channel-opacity\"\/>\n\n\n\n<h2 class=\"wp-block-heading\"><strong>Restaurants in der Sierra de Tramuntana zum Schlecken<\/strong><\/h2>\n\n\n\n<p>Da wir wissen, dass der Hunger auf Ihrer Autoroute durch die Sierra de Tramuntana irgendwann zuschlagen wird, geben wir Ihnen eine Liste einiger der <strong>besten Restaurants<\/strong>, in denen Sie die typischsten Produkte Mallorcas kosten k\u00f6nnen:<\/p>\n\n\n\n<p><strong>Es Roquissar (Valldemossa).<\/strong> Mitten im Herzen des Dorfes befindet sich dieses gem\u00fctliche Lokal, in dem Sie die <strong>beste Fusionsk\u00fcche<\/strong> kosten k\u00f6nnen, die traditionelle Gerichte mit Zutaten aus aller Welt kombiniert.<\/p>\n\n\n\n<p><strong>Can Quet (Dei\u00e0).<\/strong> Mit <strong>herrlichen Aussichten<\/strong> bietet dieses Restaurant in Dei\u00e0 den G\u00e4sten die M\u00f6glichkeit, exquisites <strong>Grillfl eisch<\/strong> sowie k\u00f6stliche <strong>Reisgerichte<\/strong> zu probieren.<\/p>\n\n\n\n<p><strong>Bens d&#8217;Avall (S\u00f3ller).<\/strong> Vor dem Mittelmeer erhebt sich eines der <strong>renommiertesten Restaurants<\/strong> der Gegend. Hier k\u00f6nnen Sie das Beste der balearischen K\u00fcche in ihrer <strong>gourmetm\u00e4\u00dfigsten Ausdrucksform<\/strong> probieren.<\/p>\n\n\n\n<p><strong>Posada del Marqu\u00e8s (Esporles).<\/strong> Auf einem Landgut 4 Kilometer vom Ortszentrum befindet sich dieses <strong>Anwesen aus dem 16. Jahrhundert<\/strong>. In der alten \u00d6lm\u00fchle k\u00f6nnen Sie von <strong>Lamm mit Rosmarin<\/strong> bis <strong>Lachs mit Fenchel<\/strong> alles essen \u2014 ein wahres Fest f\u00fcr die Sinne mit dem Wert des <strong>Kilometro 0<\/strong>.<\/p>\n\n\n\n<p><strong>Na Foradada (nur zu Fu\u00df zug\u00e4nglich).<\/strong> Wenn Sie eine der <strong>besten Aussichten Mallorcas<\/strong> genie\u00dfen m\u00f6chten, w\u00e4hrend Sie unglaubliche <strong>langsam gekochte Paellas<\/strong> kosten, m\u00fcssen Sie per Boot oder zu Fu\u00df anreisen, Ihren Mietwagen in der N\u00e4he des Hauses Son Marroig parken und den Schildern auf dem Bergpfad folgen.<\/p>\n\n\n\n<p><strong>S&#8217;Hortet (Dei\u00e0).<\/strong> <strong>Frische Produkte, Herzlichkeit und Freundlichkeit<\/strong>. Dies ist die Gewinnerkombination dieses gem\u00fctlichen Ortes. W\u00e4hlen Sie zwischen dem sch\u00f6nen Innenbereich oder dem ruhigen Garten, wo Sie im Freien essen und die Sonne genie\u00dfen k\u00f6nnen.<\/p>\n\n\n\n<p><strong>Ca&#8217;s Xorc (S\u00f3ller).<\/strong> Diese <strong>Oase der Ruhe<\/strong> auf einem alten mallorquinischen Anwesen bietet <strong>Abendessen unter den Sternen<\/strong> f\u00fcr alle, die die beste mediterrane <strong>Fusionsk\u00fcche<\/strong> in einem ganz besonderen Umfeld probieren m\u00f6chten.<\/p>\n\n\n\n<p><strong>El Olivo (Dei\u00e0).<\/strong> Um diese Liste zu beenden, empfehlen wir dieses Restaurant mit <strong>privilegiertem Blick<\/strong> auf das Dorf Dei\u00e0, ideal f\u00fcr ein Abendessen, w\u00e4hrend die Sonne zwischen den Bergen der <strong>Sierra de Tramuntana<\/strong> untergeht.<\/p>\n\n\n\n<hr class=\"wp-block-separator has-alpha-channel-opacity\"\/>\n\n\n\n<p>Wie hat Ihnen diese Reise durch das Beste dieser Zone gefallen? Jetzt, da Sie die Vorschl\u00e4ge kennen, um die Sierra de Tramuntana mit dem Auto zu erkunden, z\u00f6gern Sie nicht, die Vorteile von <strong>ROIG<\/strong>, Ihrem vertrauensw\u00fcrdigen <strong><a href=\"https:\/\/roig.com\/de\/rent-a-car\/\">Mietwagen auf Mallorca<\/a><\/strong>, zu entdecken. Wenn Sie Fragen haben oder uns Ihre Erfahrung mitteilen m\u00f6chten, z\u00f6gern Sie nicht, sie mit den anderen Lesern zu teilen \u2014 sie werden es Ihnen danken!<\/p>\n","protected":false},"excerpt":{"rendered":"<p>Von Andratx bis Pollen\u00e7a erstreckt sich das einzigartigste Naturgebiet Mallorcas: die Sierra de Tramuntana. Dank ihrer nat\u00fcrlichen Sch\u00f6nheit und der Art und Weise, wie sich ihre Bewohner an die einzigartige Topografie des Ortes angepasst haben, wurde sie 2011 zum Weltkulturerbe erkl\u00e4rt. Da sich hier der h\u00f6chste Punkt der Insel befindet, ist es nicht verwunderlich, dass [&hellip;]<\/p>\n","protected":false},"author":1,"featured_media":3605,"comment_status":"open","ping_status":"open","sticky":false,"template":"","format":"standard","meta":{"footnotes":""},"categories":[149,150,153],"tags":[],"class_list":["post-7574","post","type-post","status-publish","format-standard","has-post-thumbnail","hentry","category-news","category-mallorca-de","category-roig-nachrichten"],"_links":{"self":[{"href":"https:\/\/roig.com\/de\/wp-json\/wp\/v2\/posts\/7574","targetHints":{"allow":["GET"]}}],"collection":[{"href":"https:\/\/roig.com\/de\/wp-json\/wp\/v2\/posts"}],"about":[{"href":"https:\/\/roig.com\/de\/wp-json\/wp\/v2\/types\/post"}],"author":[{"embeddable":true,"href":"https:\/\/roig.com\/de\/wp-json\/wp\/v2\/users\/1"}],"replies":[{"embeddable":true,"href":"https:\/\/roig.com\/de\/wp-json\/wp\/v2\/comments?post=7574"}],"version-history":[{"count":1,"href":"https:\/\/roig.com\/de\/wp-json\/wp\/v2\/posts\/7574\/revisions"}],"predecessor-version":[{"id":28332,"href":"https:\/\/roig.com\/de\/wp-json\/wp\/v2\/posts\/7574\/revisions\/28332"}],"wp:featuredmedia":[{"embeddable":true,"href":"https:\/\/roig.com\/de\/wp-json\/wp\/v2\/media\/3605"}],"wp:attachment":[{"href":"https:\/\/roig.com\/de\/wp-json\/wp\/v2\/media?parent=7574"}],"wp:term":[{"taxonomy":"category","embeddable":true,"href":"https:\/\/roig.com\/de\/wp-json\/wp\/v2\/categories?post=7574"},{"taxonomy":"post_tag","embeddable":true,"href":"https:\/\/roig.com\/de\/wp-json\/wp\/v2\/tags?post=7574"}],"curies":[{"name":"wp","href":"https:\/\/api.w.org\/{rel}","templated":true}]}}