{"id":7556,"date":"2022-01-26T12:42:10","date_gmt":"2022-01-26T11:42:10","guid":{"rendered":"https:\/\/roig.it-satzinger.de\/blog\/mit-dem-mietauto-von-roig-zu-den-schoensten-straenden-von-mallorca\/"},"modified":"2026-04-22T14:31:11","modified_gmt":"2026-04-22T12:31:11","slug":"mit-dem-mietauto-von-roig-zu-den-schoensten-straenden-von-mallorca","status":"publish","type":"post","link":"https:\/\/roig.com\/de\/mit-dem-mietauto-von-roig-zu-den-schoensten-straenden-von-mallorca\/","title":{"rendered":"Mit dem Mietauto von ROIG zu den sch\u00f6nsten Str\u00e4nden von Mallorca"},"content":{"rendered":"\n<p>Die gr\u00f6\u00dfte der Balearischen Inseln ist zweifellos der <strong>perfekte Ort zum Entspannen<\/strong> und um alles zu genie\u00dfen, was das Mittelmeer zu bieten hat. Zu seinen Attraktionen geh\u00f6ren, wie es nicht anders sein k\u00f6nnte, die <strong>Buchten und Str\u00e4nde Mallorcas<\/strong>. Dort k\u00f6nnen Sie die Sonne genie\u00dfen, in warmem Wasser schwimmen, eine <strong>reiche Unterwasserwelt<\/strong> entdecken und einen angenehmen Tag mit Ihren Liebsten verbringen.<\/p>\n\n\n\n<p>Aber wie kommt man zu all diesen Str\u00e4nden? Welche Str\u00e4nde lohnen sich zu besuchen? Welche haben geringeren Besucherandrang? Bei <strong>ROIG<\/strong> m\u00f6chten wir Ihnen eine <strong>Autoroute durch die Str\u00e4nde Mallorcas<\/strong> vorstellen, damit Sie sie in aller Ruhe und in Ihrem eigenen Tempo kennenlernen k\u00f6nnen, da einige zu Fu\u00df oder mit \u00f6ffentlichen Verkehrsmitteln schwer zug\u00e4nglich sind.<\/p>\n\n\n\n<hr class=\"wp-block-separator has-alpha-channel-opacity\"\/>\n\n\n\n<h2 class=\"wp-block-heading\"><strong>Die besten Str\u00e4nde in der N\u00e4he von Palma de Mallorca<\/strong><\/h2>\n\n\n\n<p>Beginnen wir von vorne: Wenn Sie einen ruhigen Winkel suchen, um den Sonnenschirm in der N\u00e4he der Inselhauptstadt aufzustellen, bieten wir Ihnen mehrere Optionen, die den anderen Str\u00e4nden unserer Autoroute durch Mallorca in nichts nachstehen. Beginnen wir mit dem <strong>Strand Can Pere Toni<\/strong>, einer urbanen Option f\u00fcr diejenigen, die das Beste aus Architektur und Kultur mit den besten Str\u00e4nden in der N\u00e4he von Palma de Mallorca kombinieren m\u00f6chten. Die zentrumsnahe Lage macht ihn sehr gut mit Einrichtungen ausgestattet, weshalb er einer der beliebtesten ist, sowohl f\u00fcr die lokale Bev\u00f6lkerung als auch f\u00fcr Touristen.<\/p>\n\n\n\n<p>Wir entfernen uns vom Zentrum und halten an der <strong>Cala Major<\/strong> an, einem weitl\u00e4ufigen Strand, der von Palmen und einigen Hotels umgeben ist. Das Beste daran? Sein <strong>sauberes t\u00fcrkisfarbenes Wasser<\/strong> sowie einige fotogene Winkel wie die Steinbr\u00fccke, die sch\u00f6ne Aussichten auf die Stadt Palma bietet.<\/p>\n\n\n\n<p>Um diesen Teil der Route abzuschlie\u00dfen, passieren wir die <strong>Cala Comtessa<\/strong>, die ruhigste der drei. In Ses Illetes, in Calvi\u00e0 gelegen, ist sie von Kiefern und Felsformationen umgeben. Steigen Sie ihre Treppen hinab, um eines der <strong>bestgeh\u00fcteten Geheimnisse<\/strong> der Palma-Bev\u00f6lkerung zu genie\u00dfen, denn diese Bucht gilt als eine der sch\u00f6nsten.<\/p>\n\n\n\n<hr class=\"wp-block-separator has-alpha-channel-opacity\"\/>\n\n\n\n<p><strong>Platja de Banyalbufar<\/strong><\/p>\n\n\n\n<p>Wir verlassen die Stadt und \u00fcberqueren die <strong>Sierra de Tramuntana<\/strong>, um an der <strong>Playa de Banyalbufar<\/strong> Halt zu machen. Hier finden Sie eine kleine <strong>Oase, umgeben von Felsen<\/strong> und sogar einem kleinen Wasserfall. Da keine gro\u00dfen Boote anlegen k\u00f6nnen, ist dies ein guter Ort zum <strong>Schnorcheln<\/strong> und zum Entdecken der reichen Meeresfauna der Gegend. Au\u00dferdem ist es ein guter Rastpunkt, wenn Sie die Sierra de Tramuntana mit dem Auto erkundet haben. Beachten Sie vor Ihrem Besuch, dass es sich trotz des ungebrochenen Charmes um einen <strong>Kieselstrand<\/strong> handelt, nicht um einen Sandstrand. Sie k\u00f6nnen Ihren <strong><a href=\"https:\/\/roig.com\/de\/rent-a-car\/\">Mietwagen auf Mallorca<\/a><\/strong> bequem kostenlos wenige Meter davon entfernt parken.<\/p>\n\n\n\n<hr class=\"wp-block-separator has-alpha-channel-opacity\"\/>\n\n\n\n<h2 class=\"wp-block-heading\"><strong>Cala Dei\u00e0<\/strong><\/h2>\n\n\n\n<p>In der N\u00e4he des gleichnamigen Dorfes versteckt sich diese kleine Bucht mit einem <strong>rustikalen Ambiente<\/strong>, das durch die kleinen Bauten in ihrer Umgebung entsteht. Idyllisch und von Natur umgeben, ist sie eine der meistbesuchten von den Besuchern des Dorfes, das nur etwas mehr als <strong>f\u00fcnf Minuten<\/strong> mit dem Auto entfernt liegt. Hier k\u00f6nnen Sie Ihr Auto in einem <strong>kostenpflichtigen Parkplatz<\/strong> abstellen.<\/p>\n\n\n\n<hr class=\"wp-block-separator has-alpha-channel-opacity\"\/>\n\n\n\n<h2 class=\"wp-block-heading\"><strong>Arenal de Sa Canova<\/strong><\/h2>\n\n\n\n<p>Wir verabschieden uns von der Sierra de Tramuntana, damit unsere <strong>Autoroute durch die Str\u00e4nde Mallorcas<\/strong> uns in den <strong>Norden der Insel<\/strong> f\u00fchrt. Hier finden Sie <strong>2 km unber\u00fchrten Strand<\/strong>, ideal sowohl f\u00fcr Surfer als auch f\u00fcr Menschen, die ein St\u00fcck Ruhe auf der Insel suchen. Er wurde zum <strong>Naturraum von besonderem Interesse<\/strong> erkl\u00e4rt, aufgrund der Menge an <strong>endemischer Flora<\/strong> in der Gegend, weshalb er seinen Charakter bis heute bewahren konnte. Genie\u00dfen Sie die Aussichten auf den <strong>Naturpark Llevant<\/strong> und das <strong>Cap des Pinars<\/strong>, w\u00e4hrend Sie ein erfrischendes Bad nehmen.<\/p>\n\n\n\n<hr class=\"wp-block-separator has-alpha-channel-opacity\"\/>\n\n\n\n<h2 class=\"wp-block-heading\"><strong>Cala Varques<\/strong><\/h2>\n\n\n\n<p>Das <strong>kristallklare Wasser<\/strong> der Cala Varques macht sie zum <strong>Paradebestand von Manacor<\/strong>. Als nat\u00fcrliche Sandbucht gibt es in ihrer Umgebung keine Einrichtungen, weshalb die Anfahrt mit dem Auto es Ihnen erm\u00f6glicht, alles mitzubringen, was Sie f\u00fcr einen <strong>Strandtag<\/strong> brauchen. Wir empfehlen Ihnen auch, <strong>Es Cal\u00f3 Blanc<\/strong> zu besuchen, wo Sie eine sch\u00f6ne nat\u00fcrliche Felsbr\u00fccke und einen ausgezeichneten Punkt zum <strong>Tauchen oder Schnorcheln<\/strong> finden.<\/p>\n\n\n\n<hr class=\"wp-block-separator has-alpha-channel-opacity\"\/>\n\n\n\n<h2 class=\"wp-block-heading\"><strong>Cala Mitjana<\/strong><\/h2>\n\n\n\n<p>Ihre <strong>Autoroute durch die Str\u00e4nde Mallorcas<\/strong> f\u00fchrt Sie nach Osten. Die <strong>Cala Mitjana<\/strong> ist ein <strong>Rohdiamant<\/strong> der Insel, denn sie liegt in der N\u00e4he einer der sch\u00f6nsten Ortschaften der Gegend, <strong>Cala d&#8217;Or<\/strong>. Um dorthin zu gelangen, m\u00fcssen Sie Ihr Auto in der benachbarten <strong>Cala Sa Nau<\/strong>, 3 km entfernt, abstellen und den Weg <strong>zu Fu\u00df oder per Boot<\/strong> zur\u00fccklegen. Einmal angekommen, finden Sie einen <strong>paradiesischen Ort<\/strong>, umgeben von Felsen, Natur und beeindruckenden Aussichten.<\/p>\n\n\n\n<hr class=\"wp-block-separator has-alpha-channel-opacity\"\/>\n\n\n\n<h2 class=\"wp-block-heading\"><strong>Cal\u00f3 des Moro<\/strong><\/h2>\n\n\n\n<p>Ideal f\u00fcr einen <strong>Strandtag mit der Familie<\/strong>, befindet sich der <strong>Cal\u00f3 des Moro<\/strong> 6 km von Santany\u00ed entfernt. Dieser unber\u00fchrte Strand ist k\u00fcstennah <strong>nicht sehr tief<\/strong> und \u00fcber einen etwa <strong>einen Kilometer langen Weg<\/strong> zug\u00e4nglich, am Beginn dessen Sie Ihr Auto <strong>kostenlos<\/strong> abstellen k\u00f6nnen. Baden Sie in seinem <strong>t\u00fcrkisfarbenen Wasser<\/strong> in aller Ruhe und genie\u00dfen Sie die Sonne nach Ihrem eigenen Tempo.<\/p>\n\n\n\n<hr class=\"wp-block-separator has-alpha-channel-opacity\"\/>\n\n\n\n<h2 class=\"wp-block-heading\"><strong>Es Llombards<\/strong><\/h2>\n\n\n\n<p>Ganz in der N\u00e4he der vorherigen befindet sich diese Bucht, die eine weitere Option f\u00fcr einen <strong>Sommertag<\/strong> bietet. An der M\u00fcndung des <strong>Torrente Son Amer<\/strong> gelegen, haben Sie hier wundersch\u00f6ne Aussichten auf <strong>Es Pont\u00e0s<\/strong>, eine weitere neugierige geologische Formation, die einer Br\u00fccke \u00e4hnelt. Die Bucht ist gut ausgeschildert, damit Sie leicht mit dem Auto anreisen k\u00f6nnen, und Sie k\u00f6nnen in einem <strong>kostenlosen Parkplatz<\/strong> parken. Nutzen Sie dieses Gebiet, um von einem der Felsen ins Meer zu springen \u2014 aber seien Sie vorsichtig und tun Sie es von einem <strong>sicheren Ort<\/strong> aus.<\/p>\n\n\n\n<hr class=\"wp-block-separator has-alpha-channel-opacity\"\/>\n\n\n\n<p>Gef\u00e4llt Ihnen diese <strong>Autoroute durch die Str\u00e4nde Mallorcas<\/strong>? ROIG macht es Ihnen leicht mit seiner Flotte von <strong>Cabrio-Mietwagen auf Mallorca<\/strong> und anderen idealen Optionen, damit Sie alle Str\u00e4nde in vollen Z\u00fcgen besuchen k\u00f6nnen.<\/p>\n","protected":false},"excerpt":{"rendered":"<p>Die gr\u00f6\u00dfte der Balearischen Inseln ist zweifellos der perfekte Ort zum Entspannen und um alles zu genie\u00dfen, was das Mittelmeer zu bieten hat. Zu seinen Attraktionen geh\u00f6ren, wie es nicht anders sein k\u00f6nnte, die Buchten und Str\u00e4nde Mallorcas. Dort k\u00f6nnen Sie die Sonne genie\u00dfen, in warmem Wasser schwimmen, eine reiche Unterwasserwelt entdecken und einen angenehmen [&hellip;]<\/p>\n","protected":false},"author":1,"featured_media":3530,"comment_status":"open","ping_status":"open","sticky":false,"template":"","format":"standard","meta":{"footnotes":""},"categories":[149,156,150,152,153,151],"tags":[],"class_list":["post-7556","post","type-post","status-publish","format-standard","has-post-thumbnail","hentry","category-news","category-bus-de","category-mallorca-de","category-mietwagen","category-roig-nachrichten","category-premium-de"],"_links":{"self":[{"href":"https:\/\/roig.com\/de\/wp-json\/wp\/v2\/posts\/7556","targetHints":{"allow":["GET"]}}],"collection":[{"href":"https:\/\/roig.com\/de\/wp-json\/wp\/v2\/posts"}],"about":[{"href":"https:\/\/roig.com\/de\/wp-json\/wp\/v2\/types\/post"}],"author":[{"embeddable":true,"href":"https:\/\/roig.com\/de\/wp-json\/wp\/v2\/users\/1"}],"replies":[{"embeddable":true,"href":"https:\/\/roig.com\/de\/wp-json\/wp\/v2\/comments?post=7556"}],"version-history":[{"count":1,"href":"https:\/\/roig.com\/de\/wp-json\/wp\/v2\/posts\/7556\/revisions"}],"predecessor-version":[{"id":28356,"href":"https:\/\/roig.com\/de\/wp-json\/wp\/v2\/posts\/7556\/revisions\/28356"}],"wp:featuredmedia":[{"embeddable":true,"href":"https:\/\/roig.com\/de\/wp-json\/wp\/v2\/media\/3530"}],"wp:attachment":[{"href":"https:\/\/roig.com\/de\/wp-json\/wp\/v2\/media?parent=7556"}],"wp:term":[{"taxonomy":"category","embeddable":true,"href":"https:\/\/roig.com\/de\/wp-json\/wp\/v2\/categories?post=7556"},{"taxonomy":"post_tag","embeddable":true,"href":"https:\/\/roig.com\/de\/wp-json\/wp\/v2\/tags?post=7556"}],"curies":[{"name":"wp","href":"https:\/\/api.w.org\/{rel}","templated":true}]}}