{"id":31025,"date":"2026-08-31T10:20:52","date_gmt":"2026-08-31T08:20:52","guid":{"rendered":"https:\/\/roig.com\/?p=31025"},"modified":"2026-08-31T10:27:22","modified_gmt":"2026-08-31T08:27:22","slug":"mallorcas-buchten-hier-findest-du-sie-wenn-du-weisst-wo-du-parken-kannst","status":"publish","type":"post","link":"https:\/\/roig.com\/de\/mallorcas-buchten-hier-findest-du-sie-wenn-du-weisst-wo-du-parken-kannst\/","title":{"rendered":"Mallorcas Buchten: Hier findest du sie, wenn du wei\u00dft, wo du parken kannst"},"content":{"rendered":"\n<p><strong>Wir nehmen dich mit zu den sch\u00f6nsten und verborgensten Orten Mallorcas, die dir den Atem rauben werden.<\/strong> Aber Vorsicht: Diese Buchten erreichst du nur, wenn du wei\u00dft, wo du dein Auto abstellen kannst. Die beeindruckendsten Orte der Insel liegen nicht direkt an einer Stra\u00dfe oder neben einem Parkplatz. Sie befinden sich zwischen Steilk\u00fcsten, kurvenreichen Stra\u00dfen und abgelegenen Landschaften. Die unber\u00fchrten Buchten, in denen das Meer wie ein nat\u00fcrlicher Pool wirkt, erreichst du nur mit etwas Aufwand.<\/p>\n\n\n\n<p>Um zu den <strong>verborgensten Buchten Mallorcas<\/strong> zu gelangen, brauchst du etwas Erfahrung am Steuer, eine gute Planung und vor allem genaue Informationen dar\u00fcber, <strong>wo du dein Auto abstellen kannst<\/strong>, bevor du dich zu Fu\u00df auf den Weg machst.<\/p>\n\n\n\n<p>In diesem ROIG-Artikel zeigen wir dir, wie du Mallorcas Buchten erreichst, bei denen der richtige Parkplatz der Schl\u00fcssel zu deinem pers\u00f6nlichen Paradies ist.<\/p>\n\n\n\n<h2 class=\"wp-block-heading\"><strong>Warum die sch\u00f6nsten Buchten Mallorcas am schwersten zu erreichen sind<\/strong><\/h2>\n\n\n\n<p>Die K\u00fcste Mallorcas wurde \u00fcber Jahrtausende von Sturzb\u00e4chen geformt. Sie haben tiefe Einschnitte in die Steilk\u00fcsten gegraben, die schlie\u00dflich <strong>in Form kleiner Buchten ins Meer m\u00fcnden<\/strong>. Um diese Landschaften vor einer \u00fcberm\u00e4\u00dfigen Bebauung zu sch\u00fctzen, hat die Regierung der Balearen den Bau von Parkpl\u00e4tzen und touristischen Einrichtungen in unmittelbarer N\u00e4he zum Meer eingeschr\u00e4nkt.<\/p>\n\n\n\n<h3 class=\"wp-block-heading\"><strong>Parkpl\u00e4tze als eigentliche Zugangsbeschr\u00e4nkung<\/strong><\/h3>\n\n\n\n<p>Bei den meisten unber\u00fchrten Buchten der Insel liegt die gr\u00f6\u00dfte Herausforderung nicht darin, das Meer zu erreichen, sondern <strong>einen Parkplatz in angemessener Entfernung zu finden<\/strong>. Die Gemeinden haben improvisierte Parkpl\u00e4tze an Stra\u00dfenr\u00e4ndern und auf Feldwegen entfernt, um die Landschaft zu sch\u00fctzen.<\/p>\n\n\n\n<p>Die Anzahl der offiziellen Parkpl\u00e4tze wirkt dadurch wie eine nat\u00fcrliche Begrenzung der Besucherzahl: Sobald die ausgewiesenen Parkpl\u00e4tze voll sind, ist die Zufahrt f\u00fcr weitere Besucher praktisch blockiert.<\/p>\n\n\n\n<h3 class=\"wp-block-heading\"><strong>Warum du f\u00fcr diese Buchten ein Auto brauchst<\/strong><\/h3>\n\n\n\n<p>Die \u00f6ffentlichen Verkehrsmittel verbinden zwar die gr\u00f6\u00dferen Orte und die wichtigsten Touristenstr\u00e4nde, <strong>sie fahren jedoch nicht bis zu den abgelegenen und wildesten Buchten<\/strong>.<\/p>\n\n\n\n<p>Mit einem eigenen <a href=\"https:\/\/roig.com\/de\/rent-a-car\/\"><strong>Mietwagen auf Mallorca<\/strong><\/a> kannst du Sonnenschirme, K\u00fchlboxen und Wanderschuhe problemlos bis zu den ausgewiesenen Parkpl\u00e4tzen transportieren. Au\u00dferdem bleibst du flexibel und kannst deine Route \u00e4ndern, wenn eine Gegend bereits ihre t\u00e4gliche Besuchergrenze erreicht hat. Wenn du nicht selbst fahren m\u00f6chtest, bietet dir ROIG f\u00fcr maximalen Komfort auch einen <a href=\"https:\/\/roig.com\/de\/transfers\/\"><strong>Transferservice auf Mallorca<\/strong><\/a> oder <a href=\"https:\/\/roig.com\/de\/mallorca-transfer\/\"><strong>Chauffeurfahrzeuge auf Mallorca<\/strong><\/a>.<\/p>\n\n\n\n<h2 class=\"wp-block-heading\"><strong>Die wichtigsten Regeln f\u00fcr stressfreies Parken<\/strong><\/h2>\n\n\n\n<p>Wenn du im Sommer in der N\u00e4he einer unber\u00fchrten Bucht auf Mallorca parken m\u00f6chtest, solltest du die wichtigsten Regeln kennen. Eine unachtsame Entscheidung oder ein kurzer Moment der Unaufmerksamkeit kann einen idyllischen Tag am Meer in ein teures Bu\u00dfgeld oder eine Fahrt mit dem Abschleppdienst verwandeln.<\/p>\n\n\n\n<h3 class=\"wp-block-heading\"><strong>Fr\u00fch aufstehen: die wichtigste Regel<\/strong><\/h3>\n\n\n\n<p>Wenn du einen Parkplatz an einer der beliebtesten Buchten ergattern m\u00f6chtest, ist ein fr\u00fcher Start entscheidend. <strong>Du solltest den Parkplatz zwischen 8:30 und 9:00 Uhr erreichen.<\/strong> Nur dann hast du realistisch gute Chancen, ohne Stress einen Stellplatz zu finden.<\/p>\n\n\n\n<p>Ab 10:00 Uhr sind in der Hauptsaison die meisten kleinen Parkpl\u00e4tze voll. Auf den Zufahrten durch l\u00e4ndliche Gebiete bilden sich dann h\u00e4ufig unangenehme Staus.<\/p>\n\n\n\n<h3 class=\"wp-block-heading\"><strong>Einschr\u00e4nkungen und Bu\u00dfgelder in der Hauptsaison<\/strong><\/h3>\n\n\n\n<p><strong>Das Parken auf den Seitenstreifen von Nebenstra\u00dfen, auf Gr\u00fcnfl\u00e4chen, vor privaten Grundst\u00fcckseinfahrten <\/strong>oder auf Rettungswegen ist ausdr\u00fccklich verboten.<\/p>\n\n\n\n<p>Die \u00f6rtliche Polizei und die Guardia Civil kontrollieren die Zufahrten zu den K\u00fcstengebieten im Sommer verst\u00e4rkt. Wer in gesch\u00fctzten oder ausgewiesenen Verbotszonen parkt, muss mit Bu\u00dfgeldern <strong>zwischen 100 und 300 Euro<\/strong> rechnen. Hinzu kommen gegebenenfalls die Kosten f\u00fcr das Abschleppen des Fahrzeugs.<\/p>\n\n\n\n<p>Achte deshalb immer auf die Verbotsschilder und auf gelbe Linien auf der Fahrbahn.<\/p>\n\n\n\n<h3 class=\"wp-block-heading\"><strong>Apps und wichtige Parkpl\u00e4tze vor dem Fu\u00dfweg<\/strong><\/h3>\n\n\n\n<p>Bevor du das Navigationssystem einschaltest, solltest du den genauen Standort des offiziellen Parkplatzes oder des Auffangparkplatzes f\u00fcr die jeweilige Bucht recherchieren. In vielen Gegenden, etwa rund um Santany\u00ed oder die Buchten bei Manacor, gibt es <strong>gut ausgeschilderte kostenpflichtige Parkpl\u00e4tze oder blaue Zonen<\/strong>, von denen aus der Fu\u00dfweg zur K\u00fcste beginnt.<\/p>\n\n\n\n<p>Wenn du vor der Fahrt an die K\u00fcste Echtzeit-Karten oder Informationen lokaler Anbieter pr\u00fcfst, vermeidest du unn\u00f6tige Fahrten auf Sackgassen und un\u00fcbersichtlichen Wegen.<\/p>\n\n\n\n<p>Wenn du lieber in deinem eigenen Tempo unterwegs bist, kannst du auch organisierte Aktivit\u00e4ten auf Mallorca buchen. Bei ROIG findest du eine gro\u00dfe Auswahl an <a href=\"https:\/\/roig.com\/de\/erlebnisse-auf-mallorca\/\"><strong>Erlebnissen auf Mallorca<\/strong><\/a>, bei denen du die Insel mit erfahrenen Guides und bequemem Transport entdecken kannst.&nbsp;<\/p>\n\n\n\n<h2 class=\"wp-block-heading\"><strong>Die unber\u00fchrte S\u00fcdostk\u00fcste zwischen Santany\u00ed und Ses Salines<\/strong><\/h2>\n\n\n\n<p>Der S\u00fcdosten Mallorcas ist f\u00fcr sein t\u00fcrkisblaues Wasser und seine felsigen Steilk\u00fcsten bekannt. Wenn du die ber\u00fchmtesten Buchten der Region entdecken m\u00f6chtest, solltest du jedoch genau wissen, wo du dein Auto abstellen kannst.<\/p>\n\n\n\n<h3 class=\"wp-block-heading\"><strong>Cal\u00f3 des Moro und Cala s\u2019Almunia<\/strong><\/h3>\n\n\n\n<p>Der Cal\u00f3 des Moro ist wahrscheinlich <strong>die ber\u00fchmteste und meistfotografierte Bucht<\/strong> der gesamten Insel. Ein schmaler Meeresarm liegt zwischen steilen Felsw\u00e4nden und bietet kristallklares Wasser, das wie ein nat\u00fcrlicher Pool wirkt. Direkt daneben liegt Cala s\u2019Almunia mit einem charmanten traditionellen Bootsanleger, der in den Fels gebaut wurde.<\/p>\n\n\n\n<p>Die Zufahrt mit dem Auto in die Siedlung Sa Comuna ist ausdr\u00fccklich verboten. Du musst dein Fahrzeug auf dem <strong>kostenlosen \u00f6ffentlichen Parkplatz am Eingang der Siedlung Cala Llombards<\/strong> abstellen. Der Parkplatz ist von der Stra\u00dfe Ma-6100 aus gut ausgeschildert.<\/p>\n\n\n\n<p>Von dort gehst du etwa 15 bis 20 Minuten auf asphaltierten Stra\u00dfen durch die Siedlung. Anschlie\u00dfend erreichst du entweder die Treppe hinunter zur Cala s\u2019Almunia oder den unbefestigten Weg, der zum oberen Bereich des Cal\u00f3 des Moro f\u00fchrt.<\/p>\n\n\n\n<h3 class=\"wp-block-heading\"><strong>Cala Llombards<\/strong><\/h3>\n\n\n\n<p>Cala Llombards ist eine wundersch\u00f6ne, leicht erreichbare Sandbucht. Sie wird von niedrigen Steilk\u00fcsten und malerischen Fischerh\u00e4usern, den sogenannten <em>Escars<\/em>, ges\u00e4umt. Hinter ihren Holzt\u00fcren liegen die traditionellen <em>Lla\u00fcts<\/em>, die typischen mallorquinischen Boote.<\/p>\n\n\n\n<p>Im Gegensatz zu den benachbarten Buchten verf\u00fcgt Cala Llombards \u00fcber einen <strong>asphaltierten Parkplatz direkt am Strand<\/strong>. Das ist besonders praktisch, wenn du mit der Familie unterwegs bist oder Sonnenschirme und andere Strandsachen dabeihast. Die Anzahl der Stellpl\u00e4tze ist allerdings begrenzt.<\/p>\n\n\n\n<p><strong>Wenn du nicht fr\u00fch am Morgen ankommst, wird die Zufahrtsschranke geschlossen.<\/strong> Dann musst du dein Auto im oberen Teil der Siedlung abstellen und \u00fcber eine lange Rampe mit Stufen zu Fu\u00df hinuntergehen.<\/p>\n\n\n\n<h3 class=\"wp-block-heading\"><strong>Cala M\u00e0rmols<\/strong><\/h3>\n\n\n\n<p><strong>Ein wildes und abgelegenes Paradies:<\/strong> Cala M\u00e0rmols ist von einem wei\u00dfen Sandstrand und imposanten, 20 Meter hohen Felsw\u00e4nden gepr\u00e4gt. Dank des schwierigen Zugangs zu Fu\u00df geh\u00f6rt sie zu den ruhigsten Buchten im S\u00fcdosten Mallorcas.<\/p>\n\n\n\n<p><strong>In der N\u00e4he gibt es keinen Parkplatz.<\/strong> Die meisten Besucher stellen ihr Auto auf dem <strong>Parkplatz am Cap de Ses Salines<\/strong> ab, am Ende der Stra\u00dfe Ma-6110. Vom Leuchtturm aus f\u00fchrt ein wundersch\u00f6ner Wanderweg etwa f\u00fcnf Kilometer an den Steilk\u00fcsten entlang bis zur Bucht. F\u00fcr die einfache Strecke solltest du ungef\u00e4hr eine Stunde und 15 Minuten einplanen.<\/p>\n\n\n\n<p><strong>Geeignete Schuhe, ausreichend Wasser und Sonnenschutz sind unbedingt erforderlich<\/strong>, da es unterwegs keinen Schatten gibt.<\/p>\n\n\n\n<h2 class=\"wp-block-heading\"><strong>Die wilde Ostk\u00fcste bei Cales de Mallorca<\/strong><\/h2>\n\n\n\n<p>Die Ostk\u00fcste bei Manacor ist f\u00fcr ihre Schluchten und Pinienw\u00e4lder bekannt, die bis zu den Buchten reichen. Zwischen dem letzten asphaltierten Abschnitt und dem Strand liegt oft ein l\u00e4ngerer Fu\u00dfweg. Das macht den Zugang zwar anspruchsvoller, aber der Aufwand lohnt sich.<\/p>\n\n\n\n<h3 class=\"wp-block-heading\"><strong>Cala Varques<\/strong><\/h3>\n\n\n\n<p>Cala Varques gilt als eine der <strong>beeindruckendsten unber\u00fchrten Buchten Mallorcas<\/strong>. Sie ist f\u00fcr ihr au\u00dfergew\u00f6hnlich t\u00fcrkisblaues Wasser, ihre Meeresh\u00f6hle mit unterirdischen G\u00e4ngen und den eindrucksvollen nat\u00fcrlichen Steinbogen <em>Es Pont<\/em> bekannt, der \u00fcber die angrenzenden Steilk\u00fcsten ragt.<\/p>\n\n\n\n<p>Die fr\u00fchere Zufahrt \u00fcber den unbefestigten Weg <em>Es Cam\u00ed de Cala Varques<\/em> ist f\u00fcr den Autoverkehr gesperrt. Du musst dein Auto auf den zugelassenen Parkfl\u00e4chen an der Hauptstra\u00dfe <strong>Ma-4014<\/strong> zwischen Porto Cristo und Cales de Mallorca oder auf nahe gelegenen ausgewiesenen Parkfl\u00e4chen abstellen.<\/p>\n\n\n\n<p>Von dort erwartet dich ein etwa <strong>30 bis 40 Minuten langer Fu\u00dfweg<\/strong> \u00fcber unbefestigte Pfade bis zur Bucht.<\/p>\n\n\n\n<h3 class=\"wp-block-heading\"><strong>Cala Magraner und Cala Virgili<\/strong><\/h3>\n\n\n\n<p>Diese beiden benachbarten Buchten liegen zwischen steilen Felsw\u00e4nden. <strong>Cala Magraner<\/strong> ist bei <strong>Kletterfans<\/strong> besonders beliebt, da sich direkt am Strand senkrechte Felsw\u00e4nde befinden. Gleichzeitig suchen hier viele Besucher Ruhe abseits der gro\u00dfen Menschenmengen. <strong>Cala Virgili<\/strong> ist dagegen winzig und bietet vollkommene Ruhe.<\/p>\n\n\n\n<p>Der wichtigste Parkplatz befindet sich in der N\u00e4he der Stra\u00dfe <strong>Ma-4014<\/strong>, unweit der Zufahrt zur Siedlung Cales de Mallorca. Nach dem Abstellen des Fahrzeugs gehst du durch die Schranke und folgst etwa <strong>25 bis 30 Minuten<\/strong> einem ebenen Feldweg.<\/p>\n\n\n\n<h2 class=\"wp-block-heading\"><strong>Der verborgene Norden in der Serra de Tramuntana<\/strong><\/h2>\n\n\n\n<p>Im Norden Mallorcas trifft die Serra de Tramuntana auf das Meer. Die Buchten sind hier von Felsen gepr\u00e4gt, die Ausblicke sind spektakul\u00e4r und der Weg zum Wasser verlangt dir sowohl am Steuer als auch zu Fu\u00df einiges ab.&nbsp;<\/p>\n\n\n\n<h3 class=\"wp-block-heading\"><strong>Cala Tuent<\/strong><\/h3>\n\n\n\n<p><strong>Cala Tuent liegt am Fu\u00df des Puig Major<\/strong> und ist eine von Pinienw\u00e4ldern eingerahmte Bucht mit Kiesstrand und kristallklarem Wasser. Sie geh\u00f6rt zu den wenigen wilden Buchten der Tramuntana, die selbst im August ihre vollkommene Ruhe bewahren.<\/p>\n\n\n\n<p><strong>Du erreichst sie \u00fcber die Stra\u00dfe Ma-2141<\/strong>, die auch nach Sa Calobra f\u00fchrt. Dort folgst du der ausgeschilderten Abzweigung nach Tuent. Nach einer spektakul\u00e4ren Kurvenstrecke, die von jahrhundertealten Olivenb\u00e4umen ges\u00e4umt wird, erreichst du einen kleinen unbefestigten Parkplatz nur wenige Meter vom Ufer entfernt.<\/p>\n\n\n\n<p>Die Anzahl der Stellpl\u00e4tze ist sehr begrenzt. Ein fr\u00fcher Start ist daher besonders wichtig.<\/p>\n\n\n\n<h3 class=\"wp-block-heading\"><strong>Coll Baix, auch Cala des Coll Baix<\/strong><\/h3>\n\n\n\n<p>In <strong>Alc\u00fadia<\/strong> liegt dieser beeindruckende Strand mit tiefblauem Wasser. Er wird von senkrechten Kalksteinw\u00e4nden ges\u00e4umt, die mehr als 200 Meter hoch aufragen.<\/p>\n\n\n\n<p><strong>Von Alc\u00fadia f\u00e4hrst du in Richtung Mal Pas<\/strong>, bis du die unbefestigte Forststra\u00dfe erreichst, die zum Refugio de Coll Baix hinauff\u00fchrt. Dein Auto musst du auf dem <strong>ausgewiesenen Parkplatz neben der Schutzh\u00fctte<\/strong> abstellen.<\/p>\n\n\n\n<p>Von dort geht es etwa <strong>30 bis 40 Minuten<\/strong> \u00fcber einen abfallenden Wanderweg bergab. Der letzte Abschnitt f\u00fchrt \u00fcber Felsen direkt bis zum Strand. <strong>Wichtig:<\/strong> Du brauchst geschlossene Schuhe mit sicherem Halt.<\/p>\n\n\n\n<h3 class=\"wp-block-heading\"><strong>Cala Boquer<\/strong><\/h3>\n\n\n\n<p>Cala Boquer liegt am Ende des <strong>Boquer-Tals<\/strong> in der N\u00e4he von Port de Pollen\u00e7a. Die steinige Bucht wird vollst\u00e4ndig von der Serra de Cavall Bernat gesch\u00fctzt und bietet eine beeindruckende Berglandschaft \u00fcber dem Meer. Das klare Wasser eignet sich ideal zum Schnorcheln.<\/p>\n\n\n\n<p>Du parkst auf dem <strong>\u00f6ffentlichen Parkplatz am Eingang zum Landgut Cases de Boquer<\/strong> in Port de Pollen\u00e7a. Von dort f\u00fchrt ein etwa <strong>45-min\u00fctiger<\/strong>, ebener und gut zug\u00e4nglicher Wanderweg durch das gesamte Tal. Unterwegs kommst du an einheimischen Zwergpalmen und wilden Ziegen vorbei, bevor du die Bucht erreichst.<\/p>\n\n\n\n<h2 class=\"wp-block-heading\"><strong>Das ideale Auto f\u00fcr deine Fahrt mit ROIG<\/strong><\/h2>\n\n\n\n<p>Um die Parkpl\u00e4tze zu erreichen, von denen aus du zu diesen unber\u00fchrten Buchten gelangst, musst du \u00fcber Bergstra\u00dfen, Nebenstrecken sowie unbefestigte Erdwege und Schotterpisten fahren. Deshalb findest du in der <a href=\"https:\/\/roig.com\/de\/rent-a-car\/mietwagenflotte\/\"><strong>Fahrzeugflotte von ROIG<\/strong><\/a> hochwertige Fahrzeuge, die dir maximale Sicherheit bieten.<\/p>\n\n\n\n<p>Sieh dir jetzt unsere Angebote f\u00fcr <a href=\"https:\/\/roig.com\/de\/angebote-mobilitat-und-erlebnisse\/\"><strong>Mietwagen auf Mallorca<\/strong><\/a> an und entdecke unber\u00fchrte, nat\u00fcrliche und wundersch\u00f6ne Landschaften, die du nur mit dem Auto erreichen kannst.<\/p>\n\n\n\n<p>Diese mallorquinischen Paradiese erreichst du am besten mit einer gut geplanten Route und einem eigenen Fahrzeug. Lass dich von Parkbeschr\u00e4nkungen oder unbekannten Strecken nicht davon abhalten, deinen Sommer am Mittelmeer zu genie\u00dfen, und <strong>entdecke Mallorcas spektakul\u00e4rste Buchten in deinem eigenen Tempo!<\/strong><\/p>\n\n\n\n<p><\/p>\n","protected":false},"excerpt":{"rendered":"<p>Wir nehmen dich mit zu den sch\u00f6nsten und verborgensten Orten Mallorcas, die dir den Atem rauben werden. Aber Vorsicht: Diese Buchten erreichst du nur, wenn du wei\u00dft, wo du dein Auto abstellen kannst. Die beeindruckendsten Orte der Insel liegen nicht direkt an einer Stra\u00dfe oder neben einem Parkplatz. Sie befinden sich zwischen Steilk\u00fcsten, kurvenreichen Stra\u00dfen [&hellip;]<\/p>\n","protected":false},"author":3,"featured_media":31019,"comment_status":"open","ping_status":"closed","sticky":false,"template":"","format":"standard","meta":{"footnotes":""},"categories":[162],"tags":[],"class_list":["post-31025","post","type-post","status-publish","format-standard","has-post-thumbnail","hentry","category-news"],"_links":{"self":[{"href":"https:\/\/roig.com\/de\/wp-json\/wp\/v2\/posts\/31025","targetHints":{"allow":["GET"]}}],"collection":[{"href":"https:\/\/roig.com\/de\/wp-json\/wp\/v2\/posts"}],"about":[{"href":"https:\/\/roig.com\/de\/wp-json\/wp\/v2\/types\/post"}],"author":[{"embeddable":true,"href":"https:\/\/roig.com\/de\/wp-json\/wp\/v2\/users\/3"}],"replies":[{"embeddable":true,"href":"https:\/\/roig.com\/de\/wp-json\/wp\/v2\/comments?post=31025"}],"version-history":[{"count":1,"href":"https:\/\/roig.com\/de\/wp-json\/wp\/v2\/posts\/31025\/revisions"}],"predecessor-version":[{"id":31026,"href":"https:\/\/roig.com\/de\/wp-json\/wp\/v2\/posts\/31025\/revisions\/31026"}],"wp:featuredmedia":[{"embeddable":true,"href":"https:\/\/roig.com\/de\/wp-json\/wp\/v2\/media\/31019"}],"wp:attachment":[{"href":"https:\/\/roig.com\/de\/wp-json\/wp\/v2\/media?parent=31025"}],"wp:term":[{"taxonomy":"category","embeddable":true,"href":"https:\/\/roig.com\/de\/wp-json\/wp\/v2\/categories?post=31025"},{"taxonomy":"post_tag","embeddable":true,"href":"https:\/\/roig.com\/de\/wp-json\/wp\/v2\/tags?post=31025"}],"curies":[{"name":"wp","href":"https:\/\/api.w.org\/{rel}","templated":true}]}}