{"id":31011,"date":"2026-08-31T09:58:08","date_gmt":"2026-08-31T07:58:08","guid":{"rendered":"https:\/\/roig.com\/?p=31011"},"modified":"2026-08-31T10:02:01","modified_gmt":"2026-08-31T08:02:01","slug":"so-organisierst-du-einen-tag-auf-menorca-von-mallorca-aus","status":"publish","type":"post","link":"https:\/\/roig.com\/de\/so-organisierst-du-einen-tag-auf-menorca-von-mallorca-aus\/","title":{"rendered":"So organisierst du einen Tag auf Menorca von Mallorca aus"},"content":{"rendered":"\n<p>Eine <strong>Tagestour von Mallorca nach Menorca<\/strong> zu unternehmen, ist viel <strong>einfacher<\/strong>, als du denkst. Bei ROIG bieten wir dir sogar <a href=\"https:\/\/roig.com\/de\/experiences\/tag-auf-menorca\/\"><strong>diesen Ausflug<\/strong><\/a> an, mit dem du die Nachbarinsel besuchen und die Landschaft Menorcas kennenlernen kannst.<\/p>\n\n\n\n<p>Mallorca bietet zwar wirklich alles, doch <strong>Menorca hat einen ganz eigenen Rhythmus<\/strong>: Die Insel ist ruhiger und von einer ganz besonderen Atmosph\u00e4re gepr\u00e4gt, die dir sicher gefallen wird. Wenn du dich auf Mallorca aufh\u00e4ltst und die benachbarte Insel besuchen m\u00f6chtest, l\u00e4sst sich das ganz einfach organisieren. Neben unserem <a href=\"https:\/\/roig.com\/de\/rent-a-car\/\"><strong>Mietwagenservice auf Mallorca<\/strong><\/a> bieten wir dir auch Routen und Aktivit\u00e4ten an, mit denen du das Beste aus deiner Reise herausholst.<\/p>\n\n\n\n<p>In diesem Reisef\u00fchrer zeigen wir dir, <strong>wie du einen perfekten Tag auf Menorca organisierst<\/strong>, jede Minute optimal nutzt und dich nicht mit der Reiseplanung herum\u00e4rgern musst.<\/p>\n\n\n\n<h2 class=\"wp-block-heading\"><strong>Warum sich ein Tagesausflug von Mallorca nach Menorca lohnt<\/strong><\/h2>\n\n\n\n<p>Menorca ist die ruhige Schwesterinsel des Archipels. Die Insel wurde von der <strong>UNESCO zum Biosph\u00e4renreservat<\/strong> erkl\u00e4rt und hat ihre urspr\u00fcngliche Natur, ihre traditionelle Architektur mit wei\u00df get\u00fcnchten Fassaden und ihr einzigartiges historisches Erbe bewahrt.<\/p>\n\n\n\n<p>Einen Tag auf Menorca von Mallorca aus zu verbringen, f\u00fchlt sich an wie eine Reise innerhalb deiner Reise: ein abwechslungsreicher Kontrast, der deinen Urlaub bereichert.<\/p>\n\n\n\n<h3 class=\"wp-block-heading\"><strong>Was du an einem einzigen Tag von der Insel sehen kannst<\/strong><\/h3>\n\n\n\n<p>Menorca verdient eigentlich mehrere Wochen, um all ihre versteckten Buchten zu erkunden. Doch zw\u00f6lf Stunden reichen aus, <strong>um den besonderen Charakter der Insel kennenzulernen<\/strong>, wenn du einer gut geplanten Route folgst.<\/p>\n\n\n\n<p>An nur einem Tag kannst du den h\u00f6chsten Punkt der Insel besuchen und von dort die K\u00fcstenlinie \u00fcberblicken, die ber\u00fchmte <strong>Langustensuppe<\/strong> am Meer probieren, durch den gr\u00f6\u00dften Naturhafen Europas in Mah\u00f3n spazieren und dich im Gassenlabyrinth von Ciutadella verlieren.<\/p>\n\n\n\n<h3 class=\"wp-block-heading\"><strong>Die beste Reisezeit f\u00fcr den Ausflug<\/strong><\/h3>\n\n\n\n<p>Die Monate <strong>Mai bis Oktober<\/strong> eignen sich ideal f\u00fcr diesen Tagesausflug. Im Fr\u00fchling und Sommer sind die Bedingungen f\u00fcr die \u00dcberfahrt \u00fcber das Mittelmeer meist sehr stabil. Au\u00dferdem gibt es mehr F\u00e4hrverbindungen, und die touristischen Angebote, Hafenrestaurants und historischen Sehensw\u00fcrdigkeiten sind in dieser Zeit regul\u00e4r ge\u00f6ffnet.<\/p>\n\n\n\n<h2 class=\"wp-block-heading\"><strong>So erreichst du Menorca und bist unkompliziert unterwegs<\/strong><\/h2>\n\n\n\n<p>Einen Tag auf Menorca von Mallorca aus auf eigene Faust zu organisieren, kann einige <strong>logistische Fragen<\/strong> aufwerfen: Du musst F\u00e4hrzeiten koordinieren, bei der Ankunft auf Menorca einen Mietwagen organisieren und dich in unbekannten H\u00e4fen mit Verkehr und Parkpl\u00e4tzen auseinandersetzen. Zum Gl\u00fcck gibt es eine Alternative, bei der du dich ganz auf das Erlebnis konzentrieren kannst.<\/p>\n\n\n\n<h3 class=\"wp-block-heading\"><strong>Die F\u00e4hre als komfortabelste Verbindung<\/strong><\/h3>\n\n\n\n<p><strong>Die schnelle F\u00e4hre vom Hafen von Alc\u00fadia<\/strong> im Norden Mallorcas nach Ciutadella im Westen Menorcas ist die entspannteste und zugleich sch\u00f6nste Verbindung nach Menorca.&nbsp;<\/p>\n\n\n\n<p>Die \u00dcberfahrt dauert nur <strong>60 bis 75 Minuten<\/strong>. Du sp\u00fcrst die Meeresbrise, kannst an Deck einen Kaffee trinken, w\u00e4hrend die K\u00fcste Mallorcas langsam hinter dir verschwindet, und erreichst anschlie\u00dfend direkt das historische Zentrum der Nachbarinsel.<\/p>\n\n\n\n<h3 class=\"wp-block-heading\"><strong>Die Vorteile eines Ausflugs mit Transfer und Begleitung<\/strong><\/h3>\n\n\n\n<p>Wenn du das Beste aus einem Tagesausflug herausholen m\u00f6chtest, kommt es vor allem auf eine <strong>effiziente Zeitplanung<\/strong> an. Die cleverste M\u00f6glichkeit ist deshalb, den <a href=\"https:\/\/roig.com\/de\/experiences\/tag-auf-menorca\/\"><strong>organisierten Menorca-Ausflug von ROIG<\/strong><\/a> zu buchen.<\/p>\n\n\n\n<p>Mit dieser umfassenden Erfahrung musst du dich <strong>nicht um den organisatorischen Aufwand k\u00fcmmern<\/strong>. Der Ausflug beinhaltet den direkten Transfer von deiner Region auf Mallorca zum Hafen von Alc\u00fadia, die F\u00e4hrtickets f\u00fcr Hin- und R\u00fcckfahrt, einen privaten Reisebus, der dich bei deiner Ankunft auf Menorca erwartet und dich \u00fcber die Insel bringt, sowie die Begleitung durch einen Guide, der dir die Geschichte und Besonderheiten der einzelnen Orte n\u00e4herbringt.<\/p>\n\n\n\n<p><strong>Keine Warteschlangen, kein Verlaufen und keine verlorene Minute deines Tages.<\/strong><\/p>\n\n\n\n<h2 class=\"wp-block-heading\"><strong>Die wichtigsten Stopps der Route<\/strong><\/h2>\n\n\n\n<p>Damit du die Stunden auf Menorca genie\u00dfen kannst, ohne st\u00e4ndig auf die Uhr zu schauen, empfiehlt sich eine ausgewogene Route von Westen nach Osten oder umgekehrt. So lassen sich spektakul\u00e4re Ausblicke, maritime Tradition und eindrucksvolle Sehensw\u00fcrdigkeiten miteinander verbinden.<\/p>\n\n\n\n<h3 class=\"wp-block-heading\"><strong>Monte Toro<\/strong><\/h3>\n\n\n\n<p><strong>Der Monte Toro ist der h\u00f6chste Punkt Menorcas<\/strong> und bildet das geografische Zentrum der Insel. Er liegt etwa 358 Meter \u00fcber dem Meeresspiegel. Von der Aussichtsplattform des dortigen <strong>Heiligtums aus dem 17. Jahrhundert<\/strong> er\u00f6ffnet sich ein beeindruckender Rundumblick \u00fcber die gesamte Insel.<\/p>\n\n\n\n<p>An klaren Tagen kannst du die K\u00fcstenlinie im Norden, die f\u00fcr Menorca typischen Trockensteinmauern und am Horizont sogar den Norden Mallorcas erkennen. Der Monte Toro ist der perfekte Auftakt, um die Landschaft und Geografie Menorcas zu verstehen.<\/p>\n\n\n\n<h3 class=\"wp-block-heading\"><strong>Fornells<\/strong><\/h3>\n\n\n\n<p>Fornells ist <strong>ein traditionelles Fischerdorf<\/strong> mit wei\u00dfen H\u00e4usern, ruhigen Gassen und Fischerbooten, die sanft auf dem Wasser schaukeln. Ein Spaziergang an der Uferpromenade, w\u00e4hrend du die salzige Meeresluft einatmest, ist ein besonderes Erlebnis.<\/p>\n\n\n\n<p>Fornells gilt au\u00dferdem als kulinarische Heimat der ber\u00fchmten <strong>Langustensuppe<\/strong>, die als bekanntestes Gericht der menorquinischen K\u00fcche gilt. Eine Pause am Hafen, um die Spezialit\u00e4t dort zu probieren, geh\u00f6rt deshalb unbedingt zu deiner Route.&nbsp;<\/p>\n\n\n\n<h3 class=\"wp-block-heading\"><strong>Mah\u00f3n<\/strong><\/h3>\n\n\n\n<p><strong>Mah\u00f3n ist die Hauptstadt Menorcas<\/strong> und verf\u00fcgt \u00fcber einen mehr als f\u00fcnf Kilometer langen Naturhafen, der zu den gr\u00f6\u00dften und bedeutendsten der Welt z\u00e4hlt.<\/p>\n\n\n\n<p>Spaziere durch die Altstadt, die stark von der britischen Herrschaft im 18. Jahrhundert gepr\u00e4gt ist, genie\u00dfe die Aussichtspunkte \u00fcber dem Hafen oder unternimm eine Bootsfahrt durch die Bucht. Dabei kannst du historische Festungsanlagen wie <strong>La Mola oder die Isla del Rey<\/strong> bewundern. Diese Erlebnisse bleiben dir garantiert in Erinnerung.<\/p>\n\n\n\n<h3 class=\"wp-block-heading\"><strong>Ciutadella<\/strong><\/h3>\n\n\n\n<p><strong>Ciutadella war die fr\u00fchere Hauptstadt Menorcas<\/strong> und gilt f\u00fcr viele als die sch\u00f6nste Stadt der Insel. Ihre mittelalterliche, von der Renaissance gepr\u00e4gte Altstadt besteht aus einem Labyrinth aus engen Gassen, herrschaftlichen Pal\u00e4sten einstiger Adelsfamilien und jahrhundertealten Torb\u00f6gen.<\/p>\n\n\n\n<p>Schlendere durch die Gassen, die zur <strong>Pla\u00e7a des Born<\/strong> f\u00fchren, besichtige die Kathedrale Santa Mar\u00eda und gehe anschlie\u00dfend hinunter zum Naturhafen. Dort kannst du bei einem Getr\u00e4nk auf einer Terrasse den Sonnenuntergang genie\u00dfen. So endet dein Tag, bevor du die R\u00fcckfahrt nach Mallorca antrittst.<\/p>\n\n\n\n<h2 class=\"wp-block-heading\"><strong>Tipps, damit du deinen Tag optimal nutzt<\/strong><\/h2>\n\n\n\n<p>Ein Tagesausflug von Mallorca nach Menorca bedeutet, dass du den ganzen Tag au\u00dferhalb deines Hotels unterwegs bist. Damit nichts dein Erlebnis tr\u00fcbt und du jede Minute optimal nutzt, solltest du einige praktische Details beachten.<\/p>\n\n\n\n<h3 class=\"wp-block-heading\"><strong>Was du f\u00fcr einen ganzen Tag einpacken solltest<\/strong><\/h3>\n\n\n\n<p>Am besten <strong>reist du mit leichtem Gep\u00e4ck und nimmst nur das Wichtigste mit<\/strong>, damit du auf wechselnde Temperaturen vorbereitet bist:<\/p>\n\n\n\n<ul class=\"wp-block-list\">\n<li><strong>Bequeme Schuhe:<\/strong> In Ciutadella gehst du \u00fcber gepflasterte Gassen, in Mah\u00f3n \u00fcber Steinpflaster. Lass High Heels oder Flip-Flops deshalb am besten zu Hause und w\u00e4hle leichte Sneaker oder Trekkingsandalen.<\/li>\n\n\n\n<li><strong>Sonnenschutz und eine Kopfbedeckung:<\/strong> Sowohl auf dem F\u00e4hrdeck als auch bei deinen Spazierg\u00e4ngen kann die Sonne kr\u00e4ftig sein. Vergiss Sonnenbrille und Sonnencreme nicht.<\/li>\n\n\n\n<li><strong>Eine d\u00fcnne Jacke oder Windjacke:<\/strong> Auch im Sommer kann die Meeresbrise auf dem F\u00e4hrdeck oder auf dem Monte Toro am fr\u00fchen Morgen beziehungsweise am Abend k\u00fchl sein.<\/li>\n\n\n\n<li><strong>Kamera oder Handy mit ausreichend Akku:<\/strong> Du wirst wei\u00dfe H\u00e4user, historische H\u00e4fen und Rundumblicke fotografieren wollen. Eine Powerbank kann dir dabei den Tag retten.<\/li>\n<\/ul>\n\n\n\n<h3 class=\"wp-block-heading\"><strong>So teilst du deine freie Zeit an den einzelnen Stopps ein<\/strong><\/h3>\n\n\n\n<p>Damit du an den wichtigsten Stationen nicht in Zeitdruck ger\u00e4tst:<\/p>\n\n\n\n<ul class=\"wp-block-list\">\n<li><strong>In Fornells:<\/strong> Nutze deine freie Zeit vor allem, um die lokale K\u00fcche zu probieren, zum Beispiel eine gute Langustensuppe oder frischen Fisch, und um entspannt am Fischerhafen entlangzuschlendern.<\/li>\n\n\n\n<li><strong>In Mah\u00f3n und Ciutadella:<\/strong> Teile deine Zeit zwischen den wichtigsten Sehensw\u00fcrdigkeiten auf. Besichtige zum Beispiel die Kathedrale in Ciutadella oder den Hafen von Mah\u00f3n und plane anschlie\u00dfend mindestens 30 bis 40 Minuten ein, um durch die \u00f6rtlichen Gesch\u00e4fte zu bummeln und typische Produkte zu kaufen. Dazu geh\u00f6ren echte menorquinische Abarcas, auch <em>Avarcas<\/em> genannt, Mah\u00f3n-K\u00e4se mit gesch\u00fctzter Herkunftsbezeichnung oder der traditionelle menorquinische Gin.<\/li>\n<\/ul>\n\n\n\n<p>Mit unserem <a href=\"https:\/\/roig.com\/de\/angebote-mobilitat-und-erlebnisse\/\"><strong>Mietwagenservice auf Mallorca<\/strong><\/a> kannst du dein Auto auf die Nachbarinsel mitnehmen und Menorca ganz nach deinen Vorstellungen erkunden. Au\u00dferdem bieten wir dir bei ROIG zahlreiche Aktivit\u00e4ten auf Mallorca an. Entdecke unsere Auswahl an <a href=\"https:\/\/roig.com\/de\/erlebnisse-auf-mallorca\/\"><strong>Erlebnissen auf Mallorca<\/strong><\/a> und finde die passende Aktivit\u00e4t f\u00fcr deinen Urlaub.<\/p>\n\n\n\n<h2 class=\"wp-block-heading\"><strong>Die einfachste M\u00f6glichkeit: der Menorca-Ausflug von ROIG<\/strong><\/h2>\n\n\n\n<p>Wenn du Menorca entdecken m\u00f6chtest, ohne F\u00e4hrzeiten zu koordinieren, vor Ort einen Mietwagen zu suchen oder st\u00e4ndig auf die Uhr zu schauen, damit du die R\u00fcckfahrt nicht verpasst, macht es dir <strong>ROIG<\/strong> mit unserem umfassenden Tagesausflug auf die Nachbarinsel ganz einfach.<\/p>\n\n\n\n<p><a href=\"https:\/\/roig.com\/de\/experiences\/tag-auf-menorca\/\"><strong>Dieser organisierte Ausflug<\/strong><\/a> ist so gestaltet, dass du dich nur um eines k\u00fcmmern musst: genie\u00dfen und Fotos machen. Im Preis enthalten sind der Hin- und R\u00fccktransfer aus dem Osten Mallorcas zum Hafen, die Tickets f\u00fcr die schnelle F\u00e4hre, ein privater Bus f\u00fcr deine bequeme Fahrt \u00fcber Menorca und die Begleitung durch einen erfahrenen Guide, der dir w\u00e4hrend der gesamten Route zur Seite steht.<\/p>\n\n\n\n<h3 class=\"wp-block-heading\"><strong>Praktische Informationen zum Ausflug<\/strong><\/h3>\n\n\n\n<ul class=\"wp-block-list\">\n<li><strong>Abfahrtsgebiet:<\/strong> Osten Mallorcas<\/li>\n\n\n\n<li><strong>Verf\u00fcgbarkeit:<\/strong> Mai bis Oktober. Wenn du dich f\u00fcr M\u00f6glichkeiten au\u00dferhalb der Hauptsaison interessierst, wende dich direkt an das Team.<\/li>\n\n\n\n<li><strong>Im Preis enthalten:<\/strong> Abhol- und R\u00fccktransfer, Begleitung w\u00e4hrend der Transfers sowie F\u00e4hrtickets f\u00fcr Hin- und R\u00fcckfahrt<\/li>\n\n\n\n<li><strong>Schwierigkeitsgrad:<\/strong> Einfach, ideal f\u00fcr Familien, Paare und Reisende jeden Alters<\/li>\n\n\n\n<li><strong>Dauer:<\/strong> Ganzer Tag, etwa zw\u00f6lf Stunden voller Erlebnisse<\/li>\n\n\n\n<li><strong>Preis:<\/strong> Ab <strong>160 \u20ac pro erwachsener Person<\/strong> und <strong>80 \u20ac pro Kind<\/strong>\u00a0<\/li>\n<\/ul>\n\n\n\n<p>Nicht jeden Tag bietet sich die Gelegenheit, das Meer zu \u00fcberqueren und zwei Perlen des Mittelmeers auf einer einzigen Reise zu entdecken. G\u00f6nne dir einen besonderen Tag, lerne den entspannten Rhythmus der Nachbarinsel kennen und kehre bei Sonnenuntergang nach Mallorca zur\u00fcck.<\/p>\n\n\n\n<p>Bei ROIG findest du au\u00dferdem die besten <a href=\"https:\/\/roig.com\/de\/rent-a-car\/\"><strong>Mietwagenangebote auf Mallorca<\/strong><\/a>. Wenn du nicht selbst fahren m\u00f6chtest, kannst du unseren <a href=\"https:\/\/roig.com\/de\/transfers\/\"><strong>Transferservice auf Mallorca<\/strong><\/a> oder unsere <a href=\"https:\/\/roig.com\/de\/mallorca-transfer\/\"><strong>Chauffeurfahrzeuge auf Mallorca<\/strong><\/a> nutzen.<\/p>\n\n\n\n<p><strong>Setz nach Menorca \u00fcber und erlebe einen unvergesslichen Tag auf der Insel!<\/strong><\/p>\n\n\n\n<p><\/p>\n","protected":false},"excerpt":{"rendered":"<p>Eine Tagestour von Mallorca nach Menorca zu unternehmen, ist viel einfacher, als du denkst. Bei ROIG bieten wir dir sogar diesen Ausflug an, mit dem du die Nachbarinsel besuchen und die Landschaft Menorcas kennenlernen kannst. Mallorca bietet zwar wirklich alles, doch Menorca hat einen ganz eigenen Rhythmus: Die Insel ist ruhiger und von einer ganz [&hellip;]<\/p>\n","protected":false},"author":3,"featured_media":31004,"comment_status":"open","ping_status":"closed","sticky":false,"template":"","format":"standard","meta":{"footnotes":""},"categories":[],"tags":[],"class_list":["post-31011","post","type-post","status-publish","format-standard","has-post-thumbnail","hentry"],"_links":{"self":[{"href":"https:\/\/roig.com\/de\/wp-json\/wp\/v2\/posts\/31011","targetHints":{"allow":["GET"]}}],"collection":[{"href":"https:\/\/roig.com\/de\/wp-json\/wp\/v2\/posts"}],"about":[{"href":"https:\/\/roig.com\/de\/wp-json\/wp\/v2\/types\/post"}],"author":[{"embeddable":true,"href":"https:\/\/roig.com\/de\/wp-json\/wp\/v2\/users\/3"}],"replies":[{"embeddable":true,"href":"https:\/\/roig.com\/de\/wp-json\/wp\/v2\/comments?post=31011"}],"version-history":[{"count":2,"href":"https:\/\/roig.com\/de\/wp-json\/wp\/v2\/posts\/31011\/revisions"}],"predecessor-version":[{"id":31013,"href":"https:\/\/roig.com\/de\/wp-json\/wp\/v2\/posts\/31011\/revisions\/31013"}],"wp:featuredmedia":[{"embeddable":true,"href":"https:\/\/roig.com\/de\/wp-json\/wp\/v2\/media\/31004"}],"wp:attachment":[{"href":"https:\/\/roig.com\/de\/wp-json\/wp\/v2\/media?parent=31011"}],"wp:term":[{"taxonomy":"category","embeddable":true,"href":"https:\/\/roig.com\/de\/wp-json\/wp\/v2\/categories?post=31011"},{"taxonomy":"post_tag","embeddable":true,"href":"https:\/\/roig.com\/de\/wp-json\/wp\/v2\/tags?post=31011"}],"curies":[{"name":"wp","href":"https:\/\/api.w.org\/{rel}","templated":true}]}}