{"id":30996,"date":"2026-08-31T09:48:46","date_gmt":"2026-08-31T07:48:46","guid":{"rendered":"https:\/\/roig.com\/?p=30996"},"modified":"2026-08-31T09:54:08","modified_gmt":"2026-08-31T07:54:08","slug":"mit-dem-auto-an-einem-tag-durch-die-serra-de-tramuntana","status":"publish","type":"post","link":"https:\/\/roig.com\/de\/mit-dem-auto-an-einem-tag-durch-die-serra-de-tramuntana\/","title":{"rendered":"Mit dem Auto an einem Tag durch die Serra de Tramuntana"},"content":{"rendered":"\n<p><strong>Entdecke die Serra de Tramuntana auf einem unvergesslichen Roadtrip!<\/strong> ROIG zeigt dir die sch\u00f6nsten Seiten des Gebirges, das von der UNESCO als Kulturlandschaft zum Welterbe erkl\u00e4rt wurde. Die Serra de Tramuntana ist gepr\u00e4gt von <strong>Felsen, Olivenb\u00e4umen, Steilk\u00fcsten und steinernen D\u00f6rfern<\/strong>, in denen die Zeit stehen geblieben zu sein scheint.<\/p>\n\n\n\n<p>Die Gebirgskette an einem einzigen Tag komplett zu durchqueren, ist eine der besten M\u00f6glichkeiten, <strong>Natur, Abenteuer und unvergessliche Momente<\/strong> zu erleben. Nat\u00fcrlich h\u00e4tte die Tramuntana mehr Zeit verdient. Wenn dir jedoch nur ein Tag zur Verf\u00fcgung steht, kannst du mit einer gut geplanten Route am Steuer ihre ber\u00fchmtesten Landschaften entdecken und die wilde Seite Mallorcas erleben.&nbsp;<\/p>\n\n\n\n<h2 class=\"wp-block-heading\"><strong>Warum du die Serra de Tramuntana mit dem Auto entdecken solltest&nbsp;<\/strong><\/h2>\n\n\n\n<p>Die Serra de Tramuntana mit dem Auto zu entdecken, gibt dir die Freiheit, deine Zeit ganz nach deinen Vorstellungen einzuteilen. <strong>Die \u00f6ffentlichen Verkehrsmittel verkehren in den Bergen nur sehr eingeschr\u00e4nkt.<\/strong> Bei touristischen Busausfl\u00fcgen bist du au\u00dferdem an feste Stopps gebunden und musst dich wom\u00f6glich beeilen, obwohl du einen Ort gerne l\u00e4nger genie\u00dfen w\u00fcrdest.&nbsp;<\/p>\n\n\n\n<p>Mit unserem <a href=\"https:\/\/roig.com\/de\/angebote-mobilitat-und-erlebnisse\/\">Mietwagenservice auf Mallorca<\/a> hast du die Freiheit, an einem Aussichtspunkt anzuhalten, der dir den Atem raubt, deinen Kaffee auf einem Dorfplatz etwas l\u00e4nger zu genie\u00dfen oder deine Route unterwegs spontan zu \u00e4ndern.<\/p>\n\n\n\n<h3 class=\"wp-block-heading\"><strong>Was dich auf Mallorcas sch\u00f6nster Stra\u00dfe erwartet<\/strong><\/h3>\n\n\n\n<p>Die Hauptstra\u00dfe durch das Gebirge ist die <strong>Ma-10<\/strong>, eine spektakul\u00e4re, etwas mehr als 110 Kilometer lange Stra\u00dfe, die sich zwischen Bergen und Steilk\u00fcsten hindurchzieht.<\/p>\n\n\n\n<p>F\u00fcr Autofans ist diese Strecke ein ganz besonderes Erlebnis. Sie erfordert jedoch auch volle Aufmerksamkeit: Dich erwarten enge Kurven, schmale Stra\u00dfenabschnitte, Radfahrer auf den anspruchsvollen Steigungen und Passagen zwischen gewaltigen Felsformationen. Hier geht es nicht darum, schnell ans Ziel zu kommen: Die Fahrt selbst ist ein wichtiger Teil des Erlebnisses.&nbsp;<\/p>\n\n\n\n<h3 class=\"wp-block-heading\"><strong>Wann du starten solltest, um das Tageslicht optimal zu nutzen und Verkehr zu vermeiden<\/strong><\/h3>\n\n\n\n<p>Die wichtigste Regel f\u00fcr diese Tagestour mit dem Auto durch die Serra de Tramuntana lautet: <strong>Starte m\u00f6glichst fr\u00fch, idealerweise zwischen 8:00 und 8:30 Uhr.<\/strong> Ein fr\u00fcher Aufbruch bietet dir drei entscheidende Vorteile:<\/p>\n\n\n\n<ol class=\"wp-block-list\">\n<li><strong>Parkplatz sichern:<\/strong> Die Parkpl\u00e4tze in Bergd\u00f6rfern wie Valldemossa oder Dei\u00e0 sind klein und ab 10:30 Uhr h\u00e4ufig bereits voll.\u00a0<\/li>\n\n\n\n<li><strong>Weniger Verkehr:<\/strong> Auf den schmaleren Abschnitten der Ma-10 triffst du auf weniger Ausflugsbusse und Radfahrer.<\/li>\n\n\n\n<li><strong>Perfektes Licht:<\/strong> Das sanfte Morgenlicht bringt das Gr\u00fcn der Pinienw\u00e4lder und die ockerfarbenen Steine besonders sch\u00f6n zur Geltung. Ideal f\u00fcr deine Fotos.<\/li>\n<\/ol>\n\n\n\n<h2 class=\"wp-block-heading\"><strong>Start im Westen zwischen Valldemossa und Dei\u00e0<\/strong><\/h2>\n\n\n\n<p>Der s\u00fcdwestliche Abschnitt der Ma-10 ist die perfekte Einf\u00fchrung in die Landschaft der Tramuntana. Die Vegetation ist hier besonders \u00fcppig, die traditionelle Architektur wurde bewahrt und zwischen den Wipfeln der Pinien zeigt sich erstmals das Blau des Meeres.<\/p>\n\n\n\n<h3 class=\"wp-block-heading\"><strong>Valldemossa<\/strong><\/h3>\n\n\n\n<p>Nur etwa 20 Minuten von Palma entfernt liegt Valldemossa, ein m\u00e4rchenhaftes Dorf in einem von Bergen umgebenen Tal. Du kannst dein Auto auf dem \u00f6ffentlichen Parkplatz im Ortszentrum abstellen und anschlie\u00dfend zu Fu\u00df durch die gepflasterten Gassen schlendern. An den H\u00e4userfassaden stehen \u00fcberall Blument\u00f6pfe.&nbsp;<\/p>\n\n\n\n<p>Bevor du weiterf\u00e4hrst, solltest du unbedingt die Au\u00dfenanlagen der <strong>K\u00f6niglichen Kartause von Valldemossa<\/strong> besichtigen. Dort verbrachten der Komponist Fr\u00e9d\u00e9ric Chopin und die Schriftstellerin George Sand den Winter des Jahres 1838. Plane au\u00dferdem einen Zwischenstopp in einer der traditionellen B\u00e4ckereien ein, um die ber\u00fchmte <strong>Coca de Patata<\/strong> zu probieren, am besten mit einem Kaffee oder einer lokalen Mandel-Horchata. Dieses Erlebnis bringt dir die traditionelle und authentische Lebensweise im Inselinneren Mallorcas besonders nahe.<\/p>\n\n\n\n<h3 class=\"wp-block-heading\"><strong>Dei\u00e0<\/strong><\/h3>\n\n\n\n<p>Wenn du der Ma-10 etwa 15 Minuten in Richtung Norden folgst, erreichst du Dei\u00e0. Das <strong>kleine, an einen Berghang geschmiegte Dorf<\/strong> war schon immer ein R\u00fcckzugsort f\u00fcr K\u00fcnstler, Schriftsteller und Musiker aus aller Welt. Zu seinen ber\u00fchmten Bewohnern geh\u00f6rte auch der britische Dichter Robert Graves.<\/p>\n\n\n\n<p>Stelle dein Auto auf einem der ausgewiesenen Parkpl\u00e4tze an der Hauptstra\u00dfe ab und gehe zu Fu\u00df hinauf zur Kirche und zum Friedhof im oberen Teil des Dorfes. Von dort erwartet dich eine der poetischsten Aussichten der gesamten Insel.<\/p>\n\n\n\n<h3 class=\"wp-block-heading\"><strong>Aussichtspunkt Sa Foradada<\/strong><\/h3>\n\n\n\n<p><strong>Zwischen Dei\u00e0 und Valldemossa<\/strong>, ganz in der N\u00e4he des historischen Landguts Son Marroig, das einst dem \u00f6sterreichischen Erzherzog Ludwig Salvator geh\u00f6rte, befindet sich dieser Aussichtspunkt. Er geh\u00f6rt zu den Pflichtstopps deiner Route.&nbsp;<\/p>\n\n\n\n<p>Vom Aussichtspunkt blickst du auf einen weit ins Meer hineinragenden Felsen mit einem <strong>gewaltigen nat\u00fcrlichen Loch von etwa 18 Metern Durchmesser<\/strong>. Der Ort eignet sich perfekt f\u00fcr eine kurze Pause. Atme die nach Salz und Pinien duftende Luft ein und fotografiere einen der ber\u00fchmtesten Orte an Mallorcas K\u00fcste, bevor du deine Fahrt in Richtung S\u00f3ller fortsetzt.<\/p>\n\n\n\n<h2 class=\"wp-block-heading\"><strong>Das Tal der Orangenb\u00e4ume in S\u00f3ller<\/strong><\/h2>\n\n\n\n<p>Nachdem du die K\u00fcste bei Dei\u00e0 hinter dir gelassen hast, f\u00fchrt dich die Route weiter durch die Serra de Tramuntana. Unterwegs genie\u00dft du den Blick auf den Puig Major, den h\u00f6chsten Berg der Insel. Vor dir liegt die <strong>gr\u00fcne Oase von S\u00f3ller, die in ganz Europa<\/strong> f\u00fcr ihre Zitrusplantagen und ihre vom Modernisme gepr\u00e4gte Architektur bekannt ist.&nbsp;<\/p>\n\n\n\n<h3 class=\"wp-block-heading\"><strong>Spaziergang durch die Altstadt und mit der Stra\u00dfenbahn nach Port de S\u00f3ller<\/strong><\/h3>\n\n\n\n<p>Stelle dein Auto auf einem der ausgewiesenen Parkpl\u00e4tze am Ortsrand ab und gehe zu Fu\u00df zur <strong>Pla\u00e7a de la Constituci\u00f3<\/strong>. Dort erwartet dich die eindrucksvolle modernistische Fassade der Kirche Sant Bartomeu, die von <strong>Joan Rubi\u00f3, einem Sch\u00fcler Gaud\u00eds,<\/strong> entworfen wurde. Jetzt ist der perfekte Zeitpunkt, um auf einer Terrasse Platz zu nehmen und einen frisch gepressten Orangensaft zu genie\u00dfen.<\/p>\n\n\n\n<p>Direkt durch den Platz f\u00e4hrt die historische Holzstra\u00dfenbahn, die 1913 in Betrieb genommen wurde. Wenn du eine Pause vom Autofahren m\u00f6chtest, kannst du einsteigen und die etwa 25-min\u00fctige Fahrt durch die Orangenhaine bis zum <strong>Port de S\u00f3ller<\/strong> genie\u00dfen. Der Hafen liegt in einer nahezu kreisrunden nat\u00fcrlichen Bucht, die von Restaurants und Anlegestellen ges\u00e4umt wird.&nbsp;<\/p>\n\n\n\n<h3 class=\"wp-block-heading\"><strong>Fornalutx<\/strong><\/h3>\n\n\n\n<p>Nur etwa zehn Autominuten von S\u00f3ller entfernt liegt Fornalutx an einem Berghang. Das Dorf wird regelm\u00e4\u00dfig zu den <strong>sch\u00f6nsten D\u00f6rfern Spaniens<\/strong> gez\u00e4hlt und wirkt wie ein einziges gro\u00dfes Baudenkmal.<\/p>\n\n\n\n<p>Steingassen, von Hand bemalte D\u00e4cher, Blumen in jedem Winkel und der Duft von Orangenbl\u00fcten pr\u00e4gen den Ort. Bei einem entspannten Spaziergang durch die schmalen Gassen lernst du die authentische l\u00e4ndliche Architektur der Tramuntana kennen.<\/p>\n\n\n\n<h2 class=\"wp-block-heading\"><strong>Legend\u00e4re Kurven und der Norden des Gebirges<\/strong><\/h2>\n\n\n\n<p>Nachdem du das Tal von S\u00f3ller hinter dir gelassen hast, steigt die Ma-10 weiter an. Du gelangst nun in den <strong>wildesten und eindrucksvollsten Teil der Tramuntana<\/strong>, wo die Stauseen <strong>C\u00faber und Gorg Blau<\/strong> die h\u00f6chsten Gipfel des Gebirges spiegeln.<\/p>\n\n\n\n<h3 class=\"wp-block-heading\"><strong>Sa Calobra und der Nus de sa Corbata<\/strong><\/h3>\n\n\n\n<p>Diese Strecke geh\u00f6rt zu den spektakul\u00e4rsten Stra\u00dfen der Welt. An einer gut ausgeschilderten Abzweigung der Ma-10 beginnt die Ma-2141, eine technische Meisterleistung, die 1932 von Antonio Parietti entworfen wurde.<\/p>\n\n\n\n<p>Auf nur zw\u00f6lf Kilometern \u00fcberwindet diese Stra\u00dfe einen H\u00f6henunterschied von 800 Metern und f\u00fchrt durch schier unglaubliche Kurven. Das ber\u00fchmteste Highlight ist der <strong>Nus de sa Corbata<\/strong>, der sogenannte Krawattenknoten. In dieser 270-Grad-Kurve verl\u00e4uft die Stra\u00dfe unter sich selbst hindurch.<\/p>\n\n\n\n<p><strong>Fahre langsam und vorsichtig<\/strong> und genie\u00dfe die Panoramablicke auf die Nordk\u00fcste, bis du den Parkplatz am unteren Ende der Stra\u00dfe erreichst. Wenn du dich f\u00fcr unseren <a href=\"https:\/\/roig.com\/de\/rent-a-car\/\"><strong>Mietwagenservice auf Mallorca<\/strong><\/a> entscheidest, stehen dir hochwertige, neue Fahrzeuge zur Verf\u00fcgung, die bestens f\u00fcr diese Strecke geeignet sind. Du m\u00f6chtest nicht selbst durch die Berge fahren? Kein Problem. ROIG bietet dir einen <a href=\"https:\/\/roig.com\/de\/mallorca-transfer\/\"><strong>Chauffeurservice auf Mallorca<\/strong><\/a> und einen <a href=\"https:\/\/roig.com\/de\/transfers\/\"><strong>Transferservice auf Mallorca<\/strong><\/a> f\u00fcr maximalen Komfort.<\/p>\n\n\n\n<h3 class=\"wp-block-heading\"><strong>Der Torrent de Pareis an der Bucht von Sa Calobra&nbsp;<\/strong><\/h3>\n\n\n\n<p>Am Ende der Stra\u00dfe nach Sa Calobra liegt <strong>ein kleines Fischerdorf<\/strong>. Von dort f\u00fchrt ein Fu\u00dfweg durch Tunnel, die direkt in den Fels gehauen wurden.&nbsp;<\/p>\n\n\n\n<p>Die Bucht von Sa Calobra liegt an der M\u00fcndung des <strong>Torrent de Pareis<\/strong>, einer Schlucht mit senkrechten Felsw\u00e4nden, die mehr als 200 Meter hoch aufragen. Sie endet an einem Kiesstrand mit klarem, t\u00fcrkisblauem Wasser. Nach der kurvenreichen Fahrt ist dies der perfekte Ort f\u00fcr ein erfrischendes Bad.<\/p>\n\n\n\n<h3 class=\"wp-block-heading\"><strong>Kloster Lluc<\/strong><\/h3>\n\n\n\n<p>Zur\u00fcck auf der Ma-10 und weiter in Richtung Nordosten erreichst du das Santuari de Lluc, das in einem ruhigen, von Bergen umgebenen Tal liegt. Das Renaissancekloster gilt als <strong>spirituelles Zentrum Mallorcas<\/strong> und beherbergt das Bildnis der Mare de D\u00e9u de Lluc, die auch \u201eLa Moreneta\u201c genannt wird und die Schutzpatronin der Insel ist.<\/p>\n\n\n\n<p><strong>Hier findest du einen Ort vollkommener Ruhe. <\/strong>Du kannst durch den botanischen Garten spazieren, die Basilika besichtigen und im Schatten jahrhundertealter Steineichen neue Kraft tanken.<\/p>\n\n\n\n<h3 class=\"wp-block-heading\"><strong>Weiter nach Pollen\u00e7a und zum Cap de Formentor<\/strong><\/h3>\n\n\n\n<p>Der letzte Abschnitt der Serra de Tramuntana f\u00fchrt dich bis in den \u00e4u\u00dfersten Norden Mallorcas. <strong>Pollen\u00e7a<\/strong> ist ein geschichtstr\u00e4chtiger Ort mit einer charmanten Altstadt. Wenn du noch gen\u00fcgend Energie hast, kannst du die 365 Stufen des <strong>Calvari<\/strong> hinaufsteigen. Oben wirst du mit einem beeindruckenden Ausblick \u00fcber den Ort und die K\u00fcste belohnt.&nbsp;<\/p>\n\n\n\n<p>Zum kr\u00f6nenden Abschluss des Tages f\u00e4hrst du weiter nach <strong>Formentor<\/strong>, wo die Tramuntana auf das Meer trifft. Die Stra\u00dfe zum Leuchtturm f\u00fchrt entlang beeindruckender Steilk\u00fcsten und vorbei an Aussichtspunkten wie <strong>Es Colomer<\/strong>. Zu beobachten, wie die Sonne am Kap \u00fcber dem Mittelmeer untergeht, ist der perfekte Abschluss eines unvergesslichen Roadtrips.&nbsp;<\/p>\n\n\n\n<p>ROIG bietet dir au\u00dferdem <a href=\"https:\/\/roig.com\/de\/erlebnisse-auf-mallorca\/\"><strong>Aktivit\u00e4ten auf Mallorca<\/strong><\/a> mit Ausfl\u00fcgen und Touren an, bei denen du diese besonderen Orte gemeinsam mit erfahrenen Guides kennenlernen kannst.&nbsp;<\/p>\n\n\n\n<h2 class=\"wp-block-heading\"><strong>Tipps f\u00fcr die Fahrt und deinen Mietwagen bei ROIG<\/strong><\/h2>\n\n\n\n<p>Damit deine Tagestour mit dem Auto durch die Serra de Tramuntana zu einem rundum gelungenen Erlebnis wird, solltest du einige wichtige Punkte bei der Planung ber\u00fccksichtigen:<\/p>\n\n\n\n<ul class=\"wp-block-list\">\n<li><strong>W\u00e4hle das passende Fahrzeug:<\/strong> Die Ma-10 besitzt schmale Abschnitte und zahlreiche Kurven. Ein wendiger Kompaktwagen oder ein mittelgro\u00dfes SUV mit guter Rundumsicht und einem agilen Motor bietet dir die n\u00f6tige Sicherheit und Man\u00f6vrierf\u00e4higkeit. Wenn du gerne mit Automatik f\u00e4hrst, ist ein Automatikfahrzeug auf dieser Strecke besonders praktisch. Auf den Steigungen ersparst du dir damit unz\u00e4hlige Gangwechsel.<\/li>\n\n\n\n<li><strong>Plane das Tanken rechtzeitig ein:<\/strong> Im zentralen Abschnitt des Gebirges gibt es kaum Tankstellen. Starte deshalb in Palma oder an deinem Ausgangsort mit einem vollen Tank, damit du mitten in der Serra de Tramuntana keine unangenehmen \u00dcberraschungen erlebst.<\/li>\n\n\n\n<li><strong>Fahre vorsichtig:<\/strong> Die Tramuntana wird von Radfahrern, Wanderern und einheimischen Tieren wie den wilden Ziegen gemeinsam genutzt. Halte dich an die Geschwindigkeitsbegrenzungen, halte ausreichend Sicherheitsabstand und nutze die ausgewiesenen Haltebuchten, wenn du f\u00fcr ein Foto anhalten m\u00f6chtest.<\/li>\n<\/ul>\n\n\n\n<p>Bei <strong>ROIG<\/strong> machen wir dir die Planung leicht, damit du dich ganz auf deine Reise konzentrieren kannst. Entdecke unsere besten <a href=\"https:\/\/roig.com\/de\/rent-a-car\/\"><strong>Mietwagenangebote auf Mallorca<\/strong><\/a> und unseren <a href=\"https:\/\/roig.com\/de\/rent-a-car\/mietwagenflotte\/\">modernen Fuhrpark<\/a> mit Fahrzeugen, die perfekt f\u00fcr Fahrten durch die Berge geeignet sind.&nbsp;<\/p>\n\n\n\n<p><strong>Erlebe einen unvergesslichen Tag im Herzen der Serra de Tramuntana!<\/strong><\/p>\n","protected":false},"excerpt":{"rendered":"<p>Entdecke die Serra de Tramuntana auf einem unvergesslichen Roadtrip! ROIG zeigt dir die sch\u00f6nsten Seiten des Gebirges, das von der UNESCO als Kulturlandschaft zum Welterbe erkl\u00e4rt wurde. Die Serra de Tramuntana ist gepr\u00e4gt von Felsen, Olivenb\u00e4umen, Steilk\u00fcsten und steinernen D\u00f6rfern, in denen die Zeit stehen geblieben zu sein scheint. Die Gebirgskette an einem einzigen Tag [&hellip;]<\/p>\n","protected":false},"author":3,"featured_media":30990,"comment_status":"open","ping_status":"closed","sticky":false,"template":"","format":"standard","meta":{"footnotes":""},"categories":[149],"tags":[],"class_list":["post-30996","post","type-post","status-publish","format-standard","has-post-thumbnail","hentry","category-news"],"_links":{"self":[{"href":"https:\/\/roig.com\/de\/wp-json\/wp\/v2\/posts\/30996","targetHints":{"allow":["GET"]}}],"collection":[{"href":"https:\/\/roig.com\/de\/wp-json\/wp\/v2\/posts"}],"about":[{"href":"https:\/\/roig.com\/de\/wp-json\/wp\/v2\/types\/post"}],"author":[{"embeddable":true,"href":"https:\/\/roig.com\/de\/wp-json\/wp\/v2\/users\/3"}],"replies":[{"embeddable":true,"href":"https:\/\/roig.com\/de\/wp-json\/wp\/v2\/comments?post=30996"}],"version-history":[{"count":1,"href":"https:\/\/roig.com\/de\/wp-json\/wp\/v2\/posts\/30996\/revisions"}],"predecessor-version":[{"id":30997,"href":"https:\/\/roig.com\/de\/wp-json\/wp\/v2\/posts\/30996\/revisions\/30997"}],"wp:featuredmedia":[{"embeddable":true,"href":"https:\/\/roig.com\/de\/wp-json\/wp\/v2\/media\/30990"}],"wp:attachment":[{"href":"https:\/\/roig.com\/de\/wp-json\/wp\/v2\/media?parent=30996"}],"wp:term":[{"taxonomy":"category","embeddable":true,"href":"https:\/\/roig.com\/de\/wp-json\/wp\/v2\/categories?post=30996"},{"taxonomy":"post_tag","embeddable":true,"href":"https:\/\/roig.com\/de\/wp-json\/wp\/v2\/tags?post=30996"}],"curies":[{"name":"wp","href":"https:\/\/api.w.org\/{rel}","templated":true}]}}