{"id":28518,"date":"2026-04-30T15:32:46","date_gmt":"2026-04-30T13:32:46","guid":{"rendered":"https:\/\/roig.com\/?p=28518"},"modified":"2026-04-30T15:33:05","modified_gmt":"2026-04-30T13:33:05","slug":"wie-sich-mallorca-je-nach-tageszeit-veraendert","status":"publish","type":"post","link":"https:\/\/roig.com\/de\/wie-sich-mallorca-je-nach-tageszeit-veraendert\/","title":{"rendered":"Wie sich Mallorca je nach Tageszeit ver\u00e4ndert"},"content":{"rendered":"\n<p><strong>Mallorca zeigt je nach Tageszeit ein anderes Gesicht. Die Insel ist nicht statisch, sondern ein Schauspiel in Bewegung. <\/strong>Die Landschaft am fr\u00fchen Morgen, getaucht in zartes Rosa und wohltuende Stille, wirkt v\u00f6llig anders als unter der klaren Mittagssonne oder im goldenen Licht des Abends.<\/p>\n\n\n\n<p>Bei <strong>ROIG <\/strong>wissen wir: Wer auf einer Reise m\u00f6glichst viele Seiten Mallorcas erleben m\u00f6chte, sollte den richtigen Moment im Blick haben. Mit einem <a href=\"https:\/\/roig.com\/de\/angebote-mobilitat-und-erlebnisse\/\"><strong>Mietwagen auf Mallorca<\/strong><\/a> l\u00e4sst sich die Route flexibel planen, um genau dann am richtigen Ort zu sein, wenn das Licht seine Wirkung entfaltet.&nbsp;<\/p>\n\n\n\n<p>Im Folgenden zeigt ROIG, <strong>wie sich die Insel je nach Sonnenstand ver\u00e4ndert und wie sich daraus die perfekte Route f\u00fcr den Tag planen l\u00e4sst<\/strong>.<\/p>\n\n\n\n<h2 class=\"wp-block-heading\"><strong>Die Verwandlung der Insel<\/strong><\/h2>\n\n\n\n<p>Wenn es etwas gibt, das Mallorca besonders macht, dann ist es seine F\u00e4higkeit zur Ver\u00e4nderung. Die Landschaft der Insel wirkt wie eine Leinwand: <strong>helle Kalksteinfelsen<\/strong>, gr\u00fcne Pinien und t\u00fcrkisfarbenes Meer reagieren auf jede Ver\u00e4nderung des Lichts.<\/p>\n\n\n\n<h3 class=\"wp-block-heading\"><strong>Warum das mediterrane Licht so besonders ist<\/strong><\/h3>\n\n\n\n<p>F\u00fcr Fotografie-Fans und alle, die Ruhe suchen, ist das Licht ein entscheidender Teil der Landschaft. Auf Mallorca wirkt es besonders klar und intensiv.<\/p>\n\n\n\n<ul class=\"wp-block-list\">\n<li><strong>Am Morgen<\/strong> sind die Schatten lang, und die Konturen der Serra de Tramuntana treten fast messerscharf hervor.\u00a0<\/li>\n\n\n\n<li><strong>Zur Mittagszeit<\/strong> f\u00e4llt das Licht senkrecht, Schatten verschwinden und der Meeresgrund leuchtet in einem T\u00fcrkis, das beinahe unwirklich erscheint.\u00a0<\/li>\n<\/ul>\n\n\n\n<p>Wer diese Lichtwechsel versteht, kann die besondere Atmosph\u00e4re der Insel einfangen, ganz ohne Filter.<\/p>\n\n\n\n<h2 class=\"wp-block-heading\"><strong>Der Sonnenaufgang: Ruhe und erwachende Natur<\/strong><\/h2>\n\n\n\n<p>Ein <strong>Sonnenaufgang auf Mallorca<\/strong> ist ein Erlebnis, das sich lohnt, besonders f\u00fcr alle, die kein Problem mit einem fr\u00fchen Wecker haben. <strong>Zu dieser Tageszeit zeigt sich die Insel von ihrer stillsten und urspr\u00fcnglichsten Seite<\/strong>, noch bevor der Trubel des Tages beginnt.<\/p>\n\n\n\n<h3 class=\"wp-block-heading\"><strong>Die Str\u00e4nde von Alc\u00fadia und Muro<\/strong><\/h3>\n\n\n\n<p>Da diese <strong>Buchten nach Osten ausgerichtet<\/strong> sind, geh\u00f6ren sie zu den ersten Orten der Insel, die von der Sonne erreicht werden. Das Meer ist am Morgen oft spiegelglatt und erzeugt einen beeindruckenden Reflexionseffekt.<\/p>\n\n\n\n<p>Wenn die Sonne \u00fcber dem Meereshorizont aufgeht und die <strong>Playa de Muro<\/strong> noch fast unber\u00fchrt wirkt, entsteht eine Atmosph\u00e4re, die beinahe magisch ist.<\/p>\n\n\n\n<p><strong>Tipp:<\/strong> Der fr\u00fche Morgen ist ideal, um mit heruntergelassenen Fenstern in den Norden zu fahren und die frische, salzige Luft zu genie\u00dfen, bevor die Temperaturen steigen.<\/p>\n\n\n\n<h3 class=\"wp-block-heading\"><strong>Die Serra de Tramuntana<\/strong><\/h3>\n\n\n\n<p><strong>In der Serra de Tramuntana wirkt der Sonnenaufgang anders.<\/strong> Hier steigt die Sonne nicht direkt aus dem Meer auf, sondern beginnt langsam, die h\u00f6chsten Gipfel wie den <strong>Puig Major<\/strong> zu beleuchten. In Orten wie <strong>Valldemossa<\/strong> oder <strong>Dei\u00e0<\/strong> liegt morgens oft ein leichter Nebel in den T\u00e4lern, der sich mit der W\u00e4rme der Sonne nach und nach aufl\u00f6st.<\/p>\n\n\n\n<p>Das Bl\u00f6ken der Schafe und der Gesang der V\u00f6gel bestimmen die Stimmung. Es ist der ideale Moment f\u00fcr Radfahrer und Wanderer, die die Hitze vermeiden und die Natur in Ruhe erleben m\u00f6chten.<\/p>\n\n\n\n<h2 class=\"wp-block-heading\"><strong>Der Mittag: intensive Farben und k\u00fchle Schatten<\/strong><\/h2>\n\n\n\n<p><strong>Wenn die Sonne ihren h\u00f6chsten Punkt erreicht, leuchtet Mallorca besonders intensiv. <\/strong>Die Farben wirken kr\u00e4ftiger und gleichzeitig werden k\u00fchle Orte aus Stein und Wasser besonders angenehm.<\/p>\n\n\n\n<h3 class=\"wp-block-heading\"><strong>Palma und die Altstadt<\/strong><\/h3>\n\n\n\n<p>Der Mittag ist ideal, um durch die schmalen Gassen der historischen Altstadt von <strong>Palma<\/strong> zu schlendern. Dank der traditionellen Architektur mit engen Stra\u00dfen und herrschaftlichen Innenh\u00f6fen gibt es hier viele nat\u00fcrliche Schattenpl\u00e4tze.<\/p>\n\n\n\n<p>Das Licht spiegelt sich im hellen <strong>Santany\u00ed-Stein<\/strong> und verleiht der Stadt einen warmen, goldenen Ton. Wer mit einem <a href=\"https:\/\/roig.com\/de\/rent-a-car\/\"><strong>Mietwagen auf Mallorca<\/strong><\/a> unterwegs ist, kann das Auto in einem unterirdischen Parkhaus abstellen und zun\u00e4chst die schattigen Ecken der Altstadt erkunden, bevor es f\u00fcr ein paar Tapas auf eine Terrasse geht.&nbsp;<\/p>\n\n\n\n<h3 class=\"wp-block-heading\"><strong>Die Fischerh\u00e4fen<\/strong><\/h3>\n\n\n\n<p>Zur Mittagszeit herrscht in H\u00e4fen wie <strong>Cala Figuera<\/strong> oder dem <strong>Port de S\u00f3ller<\/strong> besonders viel Leben. Durch das intensive Licht erreicht das Wasser jetzt seine spektakul\u00e4rste Farbe: ein tiefes Blau, vor dem sich die wei\u00dfen Boote besonders sch\u00f6n abheben.<\/p>\n\n\n\n<p>Auch der <strong>Duft von frischem Fisch und Meeresfr\u00fcchten<\/strong> zieht dann \u00fcber die Promenaden. Perfekt f\u00fcr eine Pause, um neue Energie zu sammeln, bevor die Route weitergeht.<\/p>\n\n\n\n<h2 class=\"wp-block-heading\"><strong>Der Nachmittag: Golden Hour und mediterrane Gelassenheit<\/strong><\/h2>\n\n\n\n<p>Wenn die Sonne langsam tiefer steht, wird das Licht w\u00e4rmer und weicher.<strong> Fotografen nennen diesen Moment die Golden Hour.<\/strong> Auf Mallorca ist es die Zeit, in der die Insel zur Ruhe kommt.<\/p>\n\n\n\n<h3 class=\"wp-block-heading\"><strong>Valldemossa und Dei\u00e0<\/strong><\/h3>\n\n\n\n<p>In diesen D\u00f6rfern der <strong>Serra de Tramuntana<\/strong> l\u00e4sst sich der Abend besonders intensiv erleben. Der ockerfarbene Stein der H\u00e4user in <strong>Valldemossa<\/strong> beginnt im warmen Licht fast orange zu leuchten. In <strong>Dei\u00e0<\/strong> legen sich die Schatten der Berge langsam \u00fcber das Tal, w\u00e4hrend die letzten Sonnenstrahlen die Olivenb\u00e4ume hervorheben.<\/p>\n\n\n\n<p><strong>Tipp von ROIG:<\/strong> Jetzt ist die perfekte Zeit f\u00fcr eine Fahrt \u00fcber die <strong>Ma-10<\/strong>. Das Licht ist weich, blendet weniger und l\u00e4sst die Landschaft fast wie ein romantisches Gem\u00e4lde wirken.<\/p>\n\n\n\n<h3 class=\"wp-block-heading\"><strong>Felsbuchten<\/strong><\/h3>\n\n\n\n<p>Anders als Sandstr\u00e4nde speichern <strong>Felsbuchten<\/strong> wie die <strong>Cala Santany\u00ed<\/strong> oder <strong>Cala Figuera<\/strong> die W\u00e4rme des Tages im Stein. Das Wasser ist am Nachmittag oft ruhiger, und das seitliche Licht bringt die Strukturen der Klippen besonders sch\u00f6n zur Geltung.<\/p>\n\n\n\n<p>Jetzt ist der ideale Moment f\u00fcr einen Sprung ins Wasser ohne den Trubel des Vormittags und f\u00fcr diese besondere Ruhe, die nur das Ende des Tages mit sich bringt.<\/p>\n\n\n\n<h2 class=\"wp-block-heading\"><strong>Sonnenuntergang und Nacht: Magie, Sterne und Dorfleben<\/strong><\/h2>\n\n\n\n<p><strong>Wenn die Sonne verschwindet, geht Mallorca nicht schlafen.<\/strong> Die Insel ver\u00e4ndert nur ihre Stimmung. Das Blau des Meeres wird dunkler, w\u00e4hrend die D\u00f6rfer im Inselinneren lebendiger werden und ihre gesellige Seite zeigen.<\/p>\n\n\n\n<h3 class=\"wp-block-heading\"><strong>Cap de Formentor<\/strong><\/h3>\n\n\n\n<p>Das <strong>Cap de Formentor<\/strong> ist der perfekte Ort, um den Tag ausklingen zu lassen. Von hier aus wirkt der Sonnenuntergang fast wie das Ende Europas: Der Himmel f\u00e4rbt sich in intensive Violett- und Rott\u00f6ne.<\/p>\n\n\n\n<p>Sobald es dunkel wird, zeigt sich bei klarem Himmel ein beeindruckender Sternenhimmel. Durch die geringe Lichtverschmutzung wirkt die Nacht hier besonders klar und intensiv.<\/p>\n\n\n\n<ul class=\"wp-block-list\">\n<li><strong>Wichtig:<\/strong> Die R\u00fcckfahrt mit dem ROIG-Mietwagen sollte ruhig und aufmerksam erfolgen. Die Stra\u00dfe ist schmal, und manchmal kreuzen wilde Ziegen den Weg, die ebenfalls die k\u00fchle Nachtluft genie\u00dfen.<\/li>\n<\/ul>\n\n\n\n<p>Unter den <a href=\"https:\/\/roig.com\/de\/erlebnisse-auf-mallorca\/\"><strong>Erlebnissen auf Mallorca<\/strong><\/a> gibt es einige Ausfl\u00fcge, die einfach dazugeh\u00f6ren. ROIG bietet eine gro\u00dfe Auswahl an <strong>Aktivit\u00e4ten auf Mallorca<\/strong>, mit denen sich die bekanntesten Orte der Insel entdecken lassen, darunter die <a href=\"https:\/\/roig.com\/de\/experiences\/strand-und-kap-formentor\/\"><strong>Playa de Formentor<\/strong><\/a>, der <a href=\"https:\/\/roig.com\/de\/experiences\/formentor-und-der-markt-von-alcudia\/\"><strong>Markt von Alc\u00fadia<\/strong><\/a> und das <a href=\"https:\/\/roig.com\/de\/experiences\/strand-formentor\/\"><strong>Cap de Formentor<\/strong><\/a>.<\/p>\n\n\n\n<h3 class=\"wp-block-heading\"><strong>Die Dorfpl\u00e4tze im Inselinneren<\/strong><\/h3>\n\n\n\n<p>W\u00e4hrend an der K\u00fcste die Lichter angehen, zeigen Orte wie <strong>Algaida, Binissalem<\/strong> oder <strong>Santa Mar\u00eda<\/strong> die authentische Seite der mallorquinischen Nacht. Die Pl\u00e4tze f\u00fcllen sich mit Tischen, Kinder spielen unter den Stra\u00dfenlaternen, und es gibt lokalen Wein und <strong>Pambolis<\/strong>.<\/p>\n\n\n\n<p>Das Nachtleben hier ist entspannt, lebendig, herzlich und echt zugleich. Genau hier l\u00e4sst sich sp\u00fcren, was mediterranes Leben bedeutet.<\/p>\n\n\n\n<h2 class=\"wp-block-heading\"><strong>Tipps, um den perfekten Moment zu erwischen<\/strong><\/h2>\n\n\n\n<p>Wer Mallorca wirklich verstehen will, sollte das Timing im Blick haben. Mit ein paar einfachen Hilfsmitteln l\u00e4sst sich jeder Ort genau im richtigen Licht erleben:<\/p>\n\n\n\n<h3 class=\"wp-block-heading\"><strong>Apps f\u00fcr die Planung<\/strong><\/h3>\n\n\n\n<p>Besser nicht dem Zufall \u00fcberlassen. Apps wie <strong>PhotoPills<\/strong> oder <strong>SunCalc<\/strong> zeigen exakt, wo die Sonne auf- und untergeht \u2013 an jedem Ort der Insel. So l\u00e4sst sich schon vorab planen, ob die Sonne hinter einer Bergkette verschwindet oder direkt im Meer untergeht. Der Vorteil: Das Auto kann gezielt am perfekten Spot geparkt werden.<\/p>\n\n\n\n<h3 class=\"wp-block-heading\"><strong>Der Windfaktor Embat<\/strong><\/h3>\n\n\n\n<p>Auf Mallorca spielt der <strong>Embat<\/strong> eine wichtige Rolle. Dieser thermische Wind weht tags\u00fcber vom Meer ins Landesinnere. <strong>Meist setzt er am sp\u00e4ten Vormittag ein und l\u00e4sst gegen Abend wieder nach<\/strong>. Wenn das Meer f\u00fcr Fotos spiegelglatt sein soll, ist der <strong>Sonnenaufgang<\/strong> die beste Wahl. Wer sich zur Mittagszeit nach etwas Abk\u00fchlung sehnt, findet an den Str\u00e4nden im Norden mit ihrer konstanten Brise den idealen R\u00fcckzugsort.<\/p>\n\n\n\n<h3 class=\"wp-block-heading\"><strong>R\u00fccksicht auf Ruhezeiten<\/strong><\/h3>\n\n\n\n<p>Besonders beim Sonnenaufgang oder am Abend in den D\u00f6rfern ist R\u00fccksicht wichtig. Mallorca lebt vom Tourismus, doch f\u00fcr viele Einheimische geh\u00f6rt Ruhe zum Alltag. Beim Fahren durch Ortskerne oder Wohngebiete am Abend gilt daher: Musik leise halten, <strong>unn\u00f6tigen L\u00e4rm vermeiden und aufmerksam unterwegs sein<\/strong>. Ein respektvoller Reisender hinterl\u00e4sst \u00fcberall einen guten Eindruck.<\/p>\n\n\n\n<h2 class=\"wp-block-heading\"><strong>Mallorca ist nicht nur ein Ort, sondern viele Momente&nbsp;<\/strong><\/h2>\n\n\n\n<p><strong>Mallorca zeigt, wie unterschiedlich ein Ort wirken kann.<\/strong> Eine Bucht kann morgens ruhig und fast leer sein und am Abend voller Leben und Energie.<\/p>\n\n\n\n<p>Bei <strong>ROIG<\/strong> steht im Mittelpunkt, das Beste aus der Zeit auf der Insel herauszuholen. Mit attraktiven <a href=\"https:\/\/roig.com\/de\/rent-a-car\/\"><strong>Mietwagenangeboten auf Mallorca<\/strong><\/a> l\u00e4sst sich die Insel flexibel entdecken. Wer nicht selbst fahren m\u00f6chte, kann auch den <a href=\"https:\/\/roig.com\/de\/transfers\/\"><strong>Transfer auf Mallorca<\/strong><\/a> oder <a href=\"https:\/\/roig.com\/de\/mallorca-transfer\/\"><strong>Autos mit Chauffeur auf Mallorca<\/strong><\/a> nutzen.<\/p>\n\n\n\n<p><strong>Jetzt den passenden Service w\u00e4hlen und Mallorca ganz nach eigenem Rhythmus entdecken. Die Insel wartet bereits \u2013 die einzige Frage ist, wo die Route beginnt.<\/strong><\/p>\n","protected":false},"excerpt":{"rendered":"<p>Mallorca zeigt je nach Tageszeit ein anderes Gesicht. Die Insel ist nicht statisch, sondern ein Schauspiel in Bewegung. Die Landschaft am fr\u00fchen Morgen, getaucht in zartes Rosa und wohltuende Stille, wirkt v\u00f6llig anders als unter der klaren Mittagssonne oder im goldenen Licht des Abends. Bei ROIG wissen wir: Wer auf einer Reise m\u00f6glichst viele Seiten [&hellip;]<\/p>\n","protected":false},"author":3,"featured_media":28512,"comment_status":"open","ping_status":"closed","sticky":false,"template":"","format":"standard","meta":{"footnotes":""},"categories":[149],"tags":[],"class_list":["post-28518","post","type-post","status-publish","format-standard","has-post-thumbnail","hentry","category-news"],"_links":{"self":[{"href":"https:\/\/roig.com\/de\/wp-json\/wp\/v2\/posts\/28518","targetHints":{"allow":["GET"]}}],"collection":[{"href":"https:\/\/roig.com\/de\/wp-json\/wp\/v2\/posts"}],"about":[{"href":"https:\/\/roig.com\/de\/wp-json\/wp\/v2\/types\/post"}],"author":[{"embeddable":true,"href":"https:\/\/roig.com\/de\/wp-json\/wp\/v2\/users\/3"}],"replies":[{"embeddable":true,"href":"https:\/\/roig.com\/de\/wp-json\/wp\/v2\/comments?post=28518"}],"version-history":[{"count":1,"href":"https:\/\/roig.com\/de\/wp-json\/wp\/v2\/posts\/28518\/revisions"}],"predecessor-version":[{"id":28519,"href":"https:\/\/roig.com\/de\/wp-json\/wp\/v2\/posts\/28518\/revisions\/28519"}],"wp:featuredmedia":[{"embeddable":true,"href":"https:\/\/roig.com\/de\/wp-json\/wp\/v2\/media\/28512"}],"wp:attachment":[{"href":"https:\/\/roig.com\/de\/wp-json\/wp\/v2\/media?parent=28518"}],"wp:term":[{"taxonomy":"category","embeddable":true,"href":"https:\/\/roig.com\/de\/wp-json\/wp\/v2\/categories?post=28518"},{"taxonomy":"post_tag","embeddable":true,"href":"https:\/\/roig.com\/de\/wp-json\/wp\/v2\/tags?post=28518"}],"curies":[{"name":"wp","href":"https:\/\/api.w.org\/{rel}","templated":true}]}}