{"id":28505,"date":"2026-04-30T15:18:09","date_gmt":"2026-04-30T13:18:09","guid":{"rendered":"https:\/\/roig.com\/?p=28505"},"modified":"2026-04-30T15:24:03","modified_gmt":"2026-04-30T13:24:03","slug":"das-sichtbare-lokale-und-ungefilterte-mallorca-entdecken","status":"publish","type":"post","link":"https:\/\/roig.com\/de\/das-sichtbare-lokale-und-ungefilterte-mallorca-entdecken\/","title":{"rendered":"Das sichtbare, lokale und ungefilterte Mallorca entdecken"},"content":{"rendered":"\n<p><strong>Mallorca geh\u00f6rt zu den fotogensten Inseln des Mittelmeers<\/strong>. Doch zwischen der Mallorca-Version aus perfekt ges\u00e4ttigten Reels und der Insel, die sp\u00fcrbar wird, sobald das Handy ausgeschaltet bleibt, liegt oft eine ganz andere Realit\u00e4t.<\/p>\n\n\n\n<p>Bei<strong> ROIG<\/strong> geht es nicht darum, sich zwischen dem \u201etouristischen\u201c und dem \u201eauthentischen\u201c Mallorca zu entscheiden. Der wahre Reiz liegt darin, beides erleben zu k\u00f6nnen. Mit einem <a href=\"https:\/\/roig.com\/de\/rent-a-car\/\"><strong>Mietwagen auf Mallorca<\/strong><\/a> l\u00e4sst sich der Vormittag an einer Kathedrale wie aus dem Reisef\u00fchrer verbringen und der Nachmittag auf einem Markt, auf dem h\u00e4ufiger Mallorquinisch als Englisch zu h\u00f6ren ist.<\/p>\n\n\n\n<p>Diese Route zeigt, wie sich beide Seiten der Insel verbinden lassen \u2013 f\u00fcr eine Reise, die Mallorca in all seinen Facetten erlebbar macht.<\/p>\n\n\n\n<h2 class=\"wp-block-heading\"><strong>Mallorcas ber\u00fchmte Highlights<\/strong><\/h2>\n\n\n\n<p><strong>Manche Orte sind nicht ohne Grund ber\u00fchmt.<\/strong> Auch wenn sie schon unz\u00e4hlige Male auf Fotos zu sehen waren, wirkt nichts so eindrucksvoll wie ihre echte Gr\u00f6\u00dfe und das mediterrane Licht vor Ort. Diese <strong>Sehensw\u00fcrdigkeiten auf Mallorca<\/strong> geh\u00f6ren deshalb unbedingt auf die Route.<\/p>\n\n\n\n<h3 class=\"wp-block-heading\"><strong>Die Kathedrale von Palma und der Parc de la Mar<\/strong><\/h3>\n\n\n\n<p>Sie pr\u00e4gt die Silhouette der Stadt: <strong>La Seu<\/strong>, die Kathedrale von Palma, ist ein architektonisches Meisterwerk, das fast aus dem Wasser aufzusteigen scheint.<\/p>\n\n\n\n<p><strong>Tipp von ROIG:<\/strong> Der Blick aus der Ferne vom <strong>Parc de la Mar<\/strong> ist wundersch\u00f6n, aber der Besuch am fr\u00fchen Morgen lohnt sich besonders. Dann f\u00e4llt das Licht durch die ber\u00fchmten Rosettenfenster und taucht den Innenraum in eine besondere Stimmung. Wer mit dem <strong>Mietwagen auf Mallorca<\/strong> unterwegs ist, kann im unterirdischen Parkhaus am Parc de la Mar parken und den Besuch stressfrei beginnen.<\/p>\n\n\n\n<h3 class=\"wp-block-heading\"><strong>Valldemossa und Dei\u00e0<\/strong><\/h3>\n\n\n\n<p><strong>Steind\u00f6rfer, bunte Blument\u00f6pfe und die Spuren von K\u00fcnstlern <\/strong>wie <strong>Chopin<\/strong> oder <strong>Robert Graves<\/strong>: So zeigen sich <strong>Valldemossa und Dei\u00e0<\/strong>. Wundersch\u00f6n, keine Frage, aber auch sehr beliebt.<\/p>\n\n\n\n<p>Der Vorteil mit einem <a href=\"https:\/\/roig.com\/de\/angebote-mobilitat-und-erlebnisse\/\"><strong>Mietwagen auf Mallorca<\/strong><\/a> von ROIG: <strong>Die Orte lassen sich fr\u00fch am Morgen erreichen<\/strong>, noch bevor die Reisebusse durch die Kurven der Tramuntana fahren. Dann wirken die Gassen besonders still und ein Kaffee in der Hand reicht aus, um den Moment zu genie\u00dfen.<\/p>\n\n\n\n<h3 class=\"wp-block-heading\"><strong>Playa de Muro<\/strong><\/h3>\n\n\n\n<p>An der <strong>Playa de Muro<\/strong> warten kilometerlanger wei\u00dfer Sand und Wasser in einem Blau, das fast wie ein Instagram-Filter wirkt. Der Strand ist <strong>ein Paradies f\u00fcr Familien<\/strong> und alle, die Kitesurfen lieben.<\/p>\n\n\n\n<p>Besonders sch\u00f6n ist Playa de Muro am Abend, wenn die Brise frischer wird und der Sand nicht mehr hei\u00df ist. Dann ist der Strand ideal f\u00fcr einen Spaziergang und zeigt genau die Mischung aus Komfort und nat\u00fcrlicher Sch\u00f6nheit, die Mallorca so besonders macht.<\/p>\n\n\n\n<h2 class=\"wp-block-heading\"><strong>Wo das Herz der Insel schl\u00e4gt<\/strong><\/h2>\n\n\n\n<p>Wer das Mallorca erleben m\u00f6chte, das keine Likes sucht, sondern einfach da ist,<strong> sollte ins Inselinnere fahren<\/strong>. Dort wird die Landschaft erdiger, die Olivenb\u00e4ume \u00e4lter und der Rhythmus des Lebens richtet sich eher nach der Sonne als nach der Uhr.<\/p>\n\n\n\n<h3 class=\"wp-block-heading\"><strong>Der Markt von Sineu<\/strong><\/h3>\n\n\n\n<p><strong>Souvenir-M\u00e4rkte gibt es viele.<\/strong> Der <strong>Markt von Sineu<\/strong>, der jeden Mittwoch stattfindet, ist anders: Er geh\u00f6rt zu den wenigen M\u00e4rkten auf Mallorca, auf denen noch lebende Tiere und echte landwirtschaftliche Produkte verkauft werden.<\/p>\n\n\n\n<p><strong>Es ist laut, es riecht nach Erde, Tieren und frischen Produkten und genau das macht ihn so faszinierend.<\/strong> Hier treffen sich die Landwirte aus dem <strong>Pla de Mallorca<\/strong>. Wer dort ist, sollte in einem der traditionellen <strong>Cellers<\/strong> des Ortes unbedingt <strong>Frit Mallorqu\u00ed<\/strong> probieren. Mit einem Mietwagen l\u00e4sst sich der Kofferraum danach mit K\u00e4se, Sobrasada und Fr\u00fcchten f\u00fcllen, die wirklich nach Mallorca schmecken.<\/p>\n\n\n\n<h3 class=\"wp-block-heading\"><strong>Die Dorffeste<\/strong><\/h3>\n\n\n\n<p>Wenn die Reise mit den Patronatsfesten eines Ortes zusammenf\u00e4llt, besonders im Sommer, wartet ein echtes St\u00fcck Mallorca. Die <strong>Revetlles<\/strong> <strong>sind die Seele der Dorfgemeinschaften<\/strong>: <strong>Correfocs<\/strong> mit feuerspeienden D\u00e4monen, Live-Musik auf dem Dorfplatz und lange Tafeln, an denen gemeinsam gegessen wird.<\/p>\n\n\n\n<p>Hier gibt es keine Filter, nur <strong>geteilte Freude und den Klang der Xeremies<\/strong>, der traditionellen mallorquinischen Sackpfeifen. Das ist Mallorca von seiner festlichsten und herzlichsten Seite.<\/p>\n\n\n\n<h3 class=\"wp-block-heading\"><strong>Traditionelle B\u00e4ckereien und Konditoreien<\/strong><\/h3>\n\n\n\n<p><strong>Das echte Mallorca l\u00e4sst sich riechen. <\/strong>Schon beim Betreten einer traditionellen B\u00e4ckerei in Palma oder in einem Dorf im Inselinneren liegt der Duft von Schmalz, Mehl und frisch gebackenem Teig in der Luft.<\/p>\n\n\n\n<p><strong>Dabei sollte es nicht nur bei der Ensaimada bleiben.<\/strong> Auch <strong>Panades<\/strong> mit Lamm, <strong>Crespells<\/strong> oder ein St\u00fcck <strong>Coca de Verdura<\/strong> geh\u00f6ren zu den Klassikern der mallorquinischen Backtradition. Diese B\u00e4ckereien sind oft kleine soziale Treffpunkte: Orte, an denen Nachbarn den Tag besprechen, w\u00e4hrend sie auf ihr <strong>Pa Moreno<\/strong>, das typische dunkle Brot Mallorcas, warten.<\/p>\n\n\n\n<p>Es gibt viele <a href=\"https:\/\/roig.com\/de\/erlebnisse-auf-mallorca\/\"><strong>Erlebnisse auf Mallorca<\/strong><\/a>, mit denen sich die authentische Seite der Insel entdecken l\u00e4sst. ROIG hilft dabei, besondere <strong>Aktivit\u00e4ten auf Mallorca<\/strong> zu organisieren, zum Beispiel einen Ausflug zur <a href=\"https:\/\/roig.com\/de\/experiences\/strand-und-kap-formentor\/\"><strong>Playa de Formentor<\/strong><\/a>, zum <a href=\"https:\/\/roig.com\/de\/experiences\/formentor-und-der-markt-von-alcudia\/\"><strong>Marktes von Alc\u00fadia<\/strong><\/a> oder eine Route, die <a href=\"https:\/\/roig.com\/de\/experiences\/strand-formentor\/\"><strong>Formentor in seiner ganzen Vielfalt<\/strong><\/a> zeigt.<\/p>\n\n\n\n<h2 class=\"wp-block-heading\"><strong>Das Mallorca, das nicht auf Instagram zu sehen ist<\/strong><\/h2>\n\n\n\n<p><strong>Mallorca braucht keine Filter.<\/strong> Die Sch\u00f6nheit der Insel steckt in ihren stillen T\u00e4lern, in der Weite der Felder und in der unber\u00fchrten Natur versteckter Buchten. Das sind Orte, an denen die Kamera oft in der Tasche bleibt und die Sinne mehr wahrnehmen als die Kamera.&nbsp;<\/p>\n\n\n\n<h3 class=\"wp-block-heading\"><strong>Das Innere der Serra de Tramuntana<\/strong><\/h3>\n\n\n\n<p>Abseits der bekannten Aussichtspunkte wird das Herz der <strong>Serra de Tramuntana<\/strong> zu einem Labyrinth aus Wegen, Mauern und Terrassen aus <strong>Pedra en Sec<\/strong>, der traditionellen Trockensteinbauweise. Wer in Richtung <strong>Lluc<\/strong> oder in weniger besuchte T\u00e4ler f\u00e4hrt, entdeckt ein Mallorca, das nicht nur vom Meer lebt.<\/p>\n\n\n\n<p><strong>Hier duftet es nach Pinien und Rosmarin<\/strong>, Schafe grasen am Wegesrand und jahrhundertealte Architektur f\u00fcgt sich in die Landschaft ein. Ein authentisches Mallorca, perfekt, um die Autofenster herunterzulassen und tief durchzuatmen.<\/p>\n\n\n\n<h3 class=\"wp-block-heading\"><strong>Der Pla de Mallorca<\/strong><\/h3>\n\n\n\n<p><strong>Das Inselzentrum wird in vielen Reisef\u00fchrern kaum beachtet <\/strong>und genau darin liegt sein Reiz. Der <strong>Pla de Mallorca<\/strong> ist eine weite Ebene mit Windm\u00fchlen, Mandelbaumfeldern und D\u00f6rfern, die ihren urspr\u00fcnglichen Charakter bewahrt haben, darunter <strong>Petra, Montu\u00efri<\/strong> und <strong>Algaida<\/strong>.<\/p>\n\n\n\n<p>Diese Nebenstra\u00dfen mit dem <strong>Mietwagen<\/strong> zu erkunden, f\u00fchlt sich fast wie eine Reise in die Vergangenheit an. Keine Eile, keine Hotspots, nur die ruhige Seite des landwirtschaftlichen Mallorcas.<\/p>\n\n\n\n<h3 class=\"wp-block-heading\"><strong>Schwer zug\u00e4ngliche Buchten<\/strong><\/h3>\n\n\n\n<p><strong>Was nicht auf Instagram auftaucht, ist oft genau das, was mehr als 15 Minuten Fu\u00dfweg erfordert. Buchten wie Cala Magraner, Cala Varques \u00fcber weniger bekannte Pfade oder Cala B\u00f3quer zeigen Mallorca von seiner wildesten Seite.<\/strong><\/p>\n\n\n\n<p>Am Startpunkt der Route beginnt das eigentliche Abenteuer. Dort warten keine Strandbars und keine laute Musik, sondern nur Natur, wilde Ziegen und ein Mittelmeer, das f\u00fcr einen Moment ganz allein zu geh\u00f6ren scheint.<\/p>\n\n\n\n<h2 class=\"wp-block-heading\"><strong>Reisender statt Tourist: Mallorca bewusst erleben<\/strong><\/h2>\n\n\n\n<p><strong>Der Unterschied zwischen einem Touristen und einem Reisenden liegt nicht darin, was besucht wird, sondern wie.<\/strong> Auf einer so nat\u00fcrlichen und authentischen Insel wie Mallorca hat die Art, sich zu bewegen und zu konsumieren, direkten Einfluss auf ihre Zukunft.<\/p>\n\n\n\n<h3 class=\"wp-block-heading\"><strong>Respekt vor der Insel<\/strong><\/h3>\n\n\n\n<p>Mallorca verdient Respekt. Bewusstes Reisen bedeutet:<\/p>\n\n\n\n<ul class=\"wp-block-list\">\n<li><strong>Keine Spuren hinterlassen:<\/strong> M\u00fcll immer mitnehmen. Und wenn unterwegs etwas gefunden wird, am besten ebenfalls einsammeln.<\/li>\n\n\n\n<li><strong>Ruhe respektieren:<\/strong> In kleinen D\u00f6rfern ist Stille ein wertvolles Gut, besonders w\u00e4hrend der Siesta oder am Abend.<\/li>\n\n\n\n<li><strong>Auf den Wegen bleiben:<\/strong> In der Serra de Tramuntana sollten markierte Wege nicht verlassen werden. So wird Erosion vermieden und die Pflanzenwelt der Region gesch\u00fctzt.\u00a0<\/li>\n<\/ul>\n\n\n\n<h3 class=\"wp-block-heading\"><strong>Lokal konsumieren<\/strong><\/h3>\n\n\n\n<p>Der gr\u00f6\u00dfte positive Einfluss entsteht oft durch die Unterst\u00fctzung lokaler Betriebe:<\/p>\n\n\n\n<ul class=\"wp-block-list\">\n<li><strong>Km 0:<\/strong> Auf Wochenm\u00e4rkten einkaufen, im Dorfofen fr\u00fchst\u00fccken und Restaurants w\u00e4hlen, die mit Produkten aus der Region arbeiten.<\/li>\n\n\n\n<li><strong>Echtes Handwerk:<\/strong> Statt eines industriell gefertigten K\u00fchlschrankmagneten lieber Keramik aus Marratx\u00ed, Stoffe mit <strong>Lleng\u00fces-Muster<\/strong> oder handgemachte Avarcas w\u00e4hlen. Das sind St\u00fccke mit Geschichte, die mallorquinische Traditionen lebendig halten.<\/li>\n<\/ul>\n\n\n\n<h3 class=\"wp-block-heading\"><strong>Bewusst unterwegs sein<\/strong><\/h3>\n\n\n\n<p>Ein <strong>Mietwagen auf Mallorca<\/strong> bietet Freiheit, bringt aber auch Verantwortung mit sich:<\/p>\n\n\n\n<ul class=\"wp-block-list\">\n<li><strong>Die richtige Wahl treffen:<\/strong> ROIG verf\u00fcgt \u00fcber eine moderne Flotte, darunter auch Elektro- und Hybridfahrzeuge, um Emissionen zu reduzieren.<\/li>\n\n\n\n<li><strong>R\u00fccksichtsvoll parken:<\/strong> Zufahrtswege f\u00fcr Rettungsdienste, Landwirte oder Anwohner nicht blockieren, nur um ein paar Minuten zu sparen.<\/li>\n\n\n\n<li><strong>Die Fahrt genie\u00dfen:<\/strong> Manchmal ist das Ziel fast nebens\u00e4chlich. Autofahren auf Mallorca ist ein Erlebnis f\u00fcr sich, besonders mit Ruhe, R\u00fccksicht und Freude an jeder Kurve.<\/li>\n<\/ul>\n\n\n\n<h2 class=\"wp-block-heading\"><strong>Die Reise nach Mallorca beginnt hier<\/strong><\/h2>\n\n\n\n<p><strong>Das Mallorca, das nicht auf Instagram zu sehen ist, ver\u00e4ndert den Blick auf die Insel. <\/strong>Daf\u00fcr braucht es die Freiheit, sich ohne feste Zeiten zu bewegen, und die Sicherheit, ein lokales Team an der Seite zu haben.<\/p>\n\n\n\n<p>Bei ROIG gibt es attraktive <strong>Mietwagenangebote auf Mallorca<\/strong>, um die Insel im eigenen Tempo zu entdecken. Wer nicht selbst fahren m\u00f6chte, kann au\u00dferdem den <a href=\"https:\/\/roig.com\/de\/transfers\/\"><strong>Transfer auf Mallorca<\/strong><\/a> oder <a href=\"https:\/\/roig.com\/de\/mallorca-transfer\/\"><strong>Autos mit Chauffeur auf Mallorca<\/strong><\/a> nutzen.<\/p>\n\n\n\n<p><strong>ROIG hilft dabei, Mallorca mit Respekt und Neugier zu erleben. <\/strong>Ob Elektroauto f\u00fcr eine Fahrt durch den <strong>Pla de Mallorca<\/strong> oder SUV f\u00fcr Abenteuer in der <strong>Serra de Tramuntana<\/strong>: F\u00fcr jeden Reisestil gibt es das passende Fahrzeug.<\/p>\n\n\n\n<p><strong>etzt ROIG kontaktieren und Mallorca auf eigene Weise entdecken.<\/strong><\/p>\n","protected":false},"excerpt":{"rendered":"<p>Mallorca geh\u00f6rt zu den fotogensten Inseln des Mittelmeers. Doch zwischen der Mallorca-Version aus perfekt ges\u00e4ttigten Reels und der Insel, die sp\u00fcrbar wird, sobald das Handy ausgeschaltet bleibt, liegt oft eine ganz andere Realit\u00e4t. Bei ROIG geht es nicht darum, sich zwischen dem \u201etouristischen\u201c und dem \u201eauthentischen\u201c Mallorca zu entscheiden. Der wahre Reiz liegt darin, beides [&hellip;]<\/p>\n","protected":false},"author":3,"featured_media":28499,"comment_status":"open","ping_status":"closed","sticky":false,"template":"","format":"standard","meta":{"footnotes":""},"categories":[],"tags":[],"class_list":["post-28505","post","type-post","status-publish","format-standard","has-post-thumbnail","hentry"],"_links":{"self":[{"href":"https:\/\/roig.com\/de\/wp-json\/wp\/v2\/posts\/28505","targetHints":{"allow":["GET"]}}],"collection":[{"href":"https:\/\/roig.com\/de\/wp-json\/wp\/v2\/posts"}],"about":[{"href":"https:\/\/roig.com\/de\/wp-json\/wp\/v2\/types\/post"}],"author":[{"embeddable":true,"href":"https:\/\/roig.com\/de\/wp-json\/wp\/v2\/users\/3"}],"replies":[{"embeddable":true,"href":"https:\/\/roig.com\/de\/wp-json\/wp\/v2\/comments?post=28505"}],"version-history":[{"count":1,"href":"https:\/\/roig.com\/de\/wp-json\/wp\/v2\/posts\/28505\/revisions"}],"predecessor-version":[{"id":28506,"href":"https:\/\/roig.com\/de\/wp-json\/wp\/v2\/posts\/28505\/revisions\/28506"}],"wp:featuredmedia":[{"embeddable":true,"href":"https:\/\/roig.com\/de\/wp-json\/wp\/v2\/media\/28499"}],"wp:attachment":[{"href":"https:\/\/roig.com\/de\/wp-json\/wp\/v2\/media?parent=28505"}],"wp:term":[{"taxonomy":"category","embeddable":true,"href":"https:\/\/roig.com\/de\/wp-json\/wp\/v2\/categories?post=28505"},{"taxonomy":"post_tag","embeddable":true,"href":"https:\/\/roig.com\/de\/wp-json\/wp\/v2\/tags?post=28505"}],"curies":[{"name":"wp","href":"https:\/\/api.w.org\/{rel}","templated":true}]}}