{"id":28492,"date":"2026-04-30T15:07:41","date_gmt":"2026-04-30T13:07:41","guid":{"rendered":"https:\/\/roig.com\/?p=28492"},"modified":"2026-04-30T15:15:43","modified_gmt":"2026-04-30T13:15:43","slug":"die-schoensten-sonnenuntergaenge-auf-mallorca-mit-dem-auto-erleben","status":"publish","type":"post","link":"https:\/\/roig.com\/de\/die-schoensten-sonnenuntergaenge-auf-mallorca-mit-dem-auto-erleben\/","title":{"rendered":"Die sch\u00f6nsten Sonnenunterg\u00e4nge auf Mallorca mit dem Auto erleben"},"content":{"rendered":"\n<p>Mallorca hat viele spektakul\u00e4re Seiten, doch kaum ein Moment ist so besonders wie der <strong>Sonnenuntergang auf Mallorca<\/strong>. Wenn die Sonne langsam hinter dem Horizont verschwindet, f\u00e4rbt sich der Himmel in warme Gold-, Rosa- und Oranget\u00f6ne, w\u00e4hrend das Mittelmeer zur perfekten Kulisse f\u00fcr den Tagesausklang wird. <strong>Doch die sch\u00f6nsten Aussichtspunkte liegen oft nicht direkt um die Ecke<\/strong>. Genau deshalb lohnt sich eine flexible Route mit dem Auto. Mit guter Musik, etwas Zeit und einem <strong>Mietwagen auf Mallorca<\/strong> lassen sich die besten Spots genau dann erreichen, wenn das Licht am sch\u00f6nsten ist.<\/p>\n\n\n\n<p>In diesem Artikel zeigt ROIG eine Route zu den <strong>sch\u00f6nsten Orten f\u00fcr Sonnenunterg\u00e4nge auf Mallorca<\/strong>, die bequem mit dem Auto erreichbar sind. Ideal f\u00fcr alle, die die Insel von ihrer magischsten und goldenen Seite erleben m\u00f6chten.<\/p>\n\n\n\n<h2 class=\"wp-block-heading\"><strong>Sonnenunterg\u00e4nge auf Mallorca mit dem Auto erleben<\/strong><\/h2>\n\n\n\n<p><strong>Mallorca ist wie gemacht f\u00fcr eine Tour mit dem Auto<\/strong>. Die Landschaft ist so abwechslungsreich, dass der Tag in einer Bucht im Osten beginnen und mit einem <strong>Sonnenuntergang hinter den Bergen im Westen<\/strong> enden kann.<\/p>\n\n\n\n<p>Wer mit einem <a href=\"https:\/\/roig.com\/de\/angebote-mobilitat-und-erlebnisse\/\"><strong>Mietwagen auf Mallorca<\/strong><\/a> unterwegs ist, genie\u00dft genau diese Freiheit. <strong>Diese Route f\u00fchrt zu einigen der sch\u00f6nsten Orte<\/strong>, um den Abend auf der Insel zu genie\u00dfen.<\/p>\n\n\n\n<h3 class=\"wp-block-heading\"><strong>Serra de Tramuntana und Meereshorizont<\/strong><\/h3>\n\n\n\n<p>An der Nordwestk\u00fcste Mallorcas liegt die <strong>Serra de Tramuntana<\/strong>, die wichtigste Kulisse dieser Route. Hier fallen die Berge steil zum Meer ab und bilden nat\u00fcrliche Aussichtsbalkone mit spektakul\u00e4rem Blick.<\/p>\n\n\n\n<p>Wenn die Sonne langsam im Mittelmeer versinkt und im R\u00fccken die Gipfel der Tramuntana aufragen, entsteht ein Moment, der lange in Erinnerung bleibt.<\/p>\n\n\n\n<h3 class=\"wp-block-heading\"><strong>Warum sich ein Mietwagen f\u00fcr die Route lohnt<\/strong><\/h3>\n\n\n\n<p>Mit einem <strong>Mietwagen auf Mallorca<\/strong> l\u00e4sst sich die Sonnenuntergangsroute flexibel und entspannt planen:<\/p>\n\n\n\n<ul class=\"wp-block-list\">\n<li><strong>Keine festen Zeiten:<\/strong> Busse warten nicht, bis die Sonne ganz verschwunden ist. Mit dem Mietwagen bleibt genug Zeit, bis die ersten Sterne am Himmel erscheinen.<\/li>\n\n\n\n<li><strong>Zugang zu abgelegenen Aussichtspunkten:<\/strong> Viele der sch\u00f6nsten Aussichtspunkte liegen an Bergstra\u00dfen, an denen \u00f6ffentliche Verkehrsmittel nur selten oder gar nicht fahren.<\/li>\n\n\n\n<li><strong>Alles bequem dabei:<\/strong> Eine leichte Jacke f\u00fcr den Abend, etwas zu trinken, kleine Snacks oder die Kameraausr\u00fcstung lassen sich einfach im Auto verstauen.<\/li>\n<\/ul>\n\n\n\n<h2 class=\"wp-block-heading\"><strong>Sonnenunterg\u00e4nge in der Serra de Tramuntana<\/strong><\/h2>\n\n\n\n<p>Die <strong>Serra de Tramuntana<\/strong> geh\u00f6rt wegen ihrer einzigartigen Landschaft zum UNESCO-Welterbe und ist eine der sch\u00f6nsten Kulissen f\u00fcr einen <strong>Sonnenuntergang auf Mallorca<\/strong>. Mit einem <strong>Mietwagen von ROIG<\/strong> lassen sich die besten Logenpl\u00e4tze der Insel bequem erreichen.&nbsp;<\/p>\n\n\n\n<h3 class=\"wp-block-heading\"><strong>Sa Foradada in Dei\u00e0<\/strong><\/h3>\n\n\n\n<p><strong>Sa Foradada<\/strong> ist ohne Zweifel einer der ber\u00fchmtesten Orte f\u00fcr einen <strong>Sonnenuntergang auf Mallorca<\/strong>. Der Aussichtspunkt liegt zwischen <strong>Valldemossa und Dei\u00e0<\/strong> und bietet einen freien Blick auf die markante Halbinsel mit dem gro\u00dfen Loch im Felsen. Genau diesem Felsdurchbruch verdankt Sa Foradada seinen Namen.<\/p>\n\n\n\n<ul class=\"wp-block-list\">\n<li><strong>Anfahrt:<\/strong> Sehr einfach. Der Aussichtspunkt liegt direkt an der Hauptstra\u00dfe <strong>Ma-10<\/strong>. Es gibt einen Parkplatz, im Sommer lohnt es sich jedoch, fr\u00fch anzukommen, da Sa Foradada bei Einheimischen und Besuchern besonders beliebt ist.<\/li>\n\n\n\n<li><strong>Tipp von ROIG:<\/strong> In der N\u00e4he gibt es eine kleine Bar im Chill-out-Stil, in der sich der Sonnenuntergang mit einem Getr\u00e4nk besonders sch\u00f6n genie\u00dfen l\u00e4sst.<\/li>\n<\/ul>\n\n\n\n<h3 class=\"wp-block-heading\"><strong>Mirador de Ses \u00c0nimes in Banyalbufar<\/strong><\/h3>\n\n\n\n<p>Der <strong>Mirador de Ses \u00c0nimes<\/strong>, auch bekannt als <strong>Torre del Verger<\/strong>, ist eine ehemalige Verteidigungsanlage aus dem 16. Jahrhundert, die spektakul\u00e4r \u00fcber den Klippen thront. Die schmale Steintreppe f\u00fchrt bis nach oben und er\u00f6ffnet einen noch freieren Blick auf das Meer.<\/p>\n\n\n\n<p>Hier zeigt sich die Tramuntana von ihrer rauen Seite: Wind, Weite und das konstante Rauschen der Wellen, die weit unten gegen die Felsen schlagen. Eine Kulisse, die intensiver kaum sein k\u00f6nnte.<\/p>\n\n\n\n<p><strong>Wichtig:<\/strong> Direkt an der Stra\u00dfe gibt es eine kleine Haltebucht, in der sich das Auto problemlos abstellen l\u00e4sst.<\/p>\n\n\n\n<h3 class=\"wp-block-heading\"><strong>Far de Formentor in Pollen\u00e7a<\/strong><\/h3>\n\n\n\n<p>Der <strong>Far de Formentor<\/strong> gilt als das \u201eFinisterre Mallorcas\u201c. Am n\u00f6rdlichsten Punkt der Insel trifft die <strong>Serra de Tramuntana<\/strong> besonders dramatisch auf das Meer. Den Sonnenuntergang hier zu erleben, hat etwas fast Meditatives. Dazu kommt die Anfahrt: Die kurvenreiche Stra\u00dfe geh\u00f6rt zu den sch\u00f6nsten Europas und macht die Fahrt selbst schon zum Erlebnis.<\/p>\n\n\n\n<p><strong>Hinweis:<\/strong> In den Sommermonaten gelten zeitweise Zufahrtsbeschr\u00e4nkungen f\u00fcr Privatfahrzeuge. Au\u00dferhalb dieser Zeiten oder in der Nebensaison ist die Strecke besonders entspannt zu fahren.<\/p>\n\n\n\n<p><strong>Ein Besuch in Formentor<\/strong> l\u00e4sst sich gut mit weiteren Erlebnissen verbinden. ROIG bietet beispielsweise <a href=\"https:\/\/roig.com\/de\/experiences\/strand-formentor\/\"><strong>Ausfl\u00fcge nach Formentor<\/strong><\/a>&nbsp; an, teilweise kombiniert mit einem Besuch des <a href=\"https:\/\/roig.com\/de\/experiences\/formentor-und-der-markt-von-alcudia\/\"><strong>Marktes von Alc\u00fadia<\/strong><\/a>. Mit den <a href=\"https:\/\/roig.com\/de\/erlebnisse-auf-mallorca\/\">vielf\u00e4ltigen Erlebnissen von ROIG auf Mallorca<\/a> wird der Tag nicht nur landschaftlich und kulturell besonders, sondern bleibt auch lange in Erinnerung.&nbsp;<\/p>\n\n\n\n<h2 class=\"wp-block-heading\"><strong>Leuchtt\u00fcrme und Klippen im S\u00fcden und Osten Mallorcas<\/strong><\/h2>\n\n\n\n<p>Auch wenn die <strong>Serra de Tramuntana<\/strong> oft im Mittelpunkt steht, bieten der S\u00fcden und Osten der Insel ganz eigene Perspektiven. Hier wirkt die Landschaft offener, weiter \u2013 und genau das macht die Sonnenunterg\u00e4nge besonders intensiv.<\/p>\n\n\n\n<h3 class=\"wp-block-heading\"><strong>Far de Cap Blanc in Llucmajor<\/strong><\/h3>\n\n\n\n<p>Der <strong>Far de Cap Blanc<\/strong> steht f\u00fcr den wilden S\u00fcden Mallorcas. Die Anfahrt ist entspannt: Gerade Stra\u00dfen f\u00fchren durch Landschaften aus Trockensteinfeldern bis hin zu den wei\u00dfen Kalksteinklippen, die steil ins Meer abfallen.<\/p>\n\n\n\n<p>Der Sonnenuntergang wirkt hier klar und ruhig. An besonders klaren Tagen zeichnet sich sogar die Silhouette der Insel <strong>Cabrera<\/strong> am Horizont ab. Im Vergleich zu Formentor ist es deutlich weniger besucht \u2013 ideal f\u00fcr alle, die die Stille suchen.<\/p>\n\n\n\n<h3 class=\"wp-block-heading\"><strong>Santuari de Sant Salvador in Felanitx<\/strong><\/h3>\n\n\n\n<p>Auch wenn es kein Leuchtturm ist, z\u00e4hlt das <strong>Santuari de Sant Salvador<\/strong> zu den beeindruckendsten Aussichtspunkten im Osten Mallorcas. Schon die Auffahrt ist ein Erlebnis: Die kurvenreiche Stra\u00dfe schl\u00e4ngelt sich den Berg hinauf und macht die Fahrt selbst zum Teil der Route.<\/p>\n\n\n\n<p>Oben angekommen wartet ein gro\u00dfz\u00fcgiger Parkplatz und ein <strong>360-Grad-Blick \u00fcber die Insel<\/strong>. Besonders eindrucksvoll ist der Moment, wenn die Sonne hinter der fernen <strong>Serra de Tramuntana<\/strong> untergeht \u2013 ein Perspektivwechsel, den viele Besucher so nicht erleben.<\/p>\n\n\n\n<h2 class=\"wp-block-heading\"><strong>Sonnenunterg\u00e4nge direkt am Strand<\/strong><\/h2>\n\n\n\n<p>Nicht jeder Sonnenuntergang braucht eine Klippe. Manchmal reicht es, den k\u00fchlen Sand unter den F\u00fc\u00dfen zu sp\u00fcren, w\u00e4hrend die Wellen rauschen und sich der Himmel langsam rosa f\u00e4rbt.<\/p>\n\n\n\n<h3 class=\"wp-block-heading\"><strong>Es Trenc in Campos<\/strong><\/h3>\n\n\n\n<p><strong>Es Trenc<\/strong> gilt als einer der sch\u00f6nsten Str\u00e4nde Mallorcas. Bekannt ist der Strand vor allem f\u00fcr sein t\u00fcrkisblaues Wasser, doch auch der Sonnenuntergang hat hier einen ganz besonderen Reiz.<\/p>\n\n\n\n<p>Das Abendlicht spiegelt sich in den nahegelegenen Salinen und im flachen Wasser. Dadurch entsteht ein fast spiegelnder Effekt, der den Strand besonders ruhig und elegant wirken l\u00e4sst. Perfekt f\u00fcr einen Spaziergang am Meer, w\u00e4hrend der Himmel in Pastellt\u00f6nen leuchtet.<\/p>\n\n\n\n<h3 class=\"wp-block-heading\"><strong>Port d\u2019Andratx<\/strong><\/h3>\n\n\n\n<p>In <strong>Port d\u2019Andratx<\/strong> zeigt sich der Sonnenuntergang von seiner eleganten Seite. Der Hafen liegt so, dass die Sonne direkt \u00fcber der Bucht untergeht.<\/p>\n\n\n\n<p>Das Auto l\u00e4sst sich bequem im Hafen parken, bevor der Abend auf einer der Terrassen an der Promenade ausklingt. Wenn die Fischerboote im goldenen Licht zur\u00fcckkehren, f\u00fchlt sich Mallorca f\u00fcr einen Moment wie pure <strong>Dolce Vita<\/strong> an.<\/p>\n\n\n\n<h2 class=\"wp-block-heading\"><strong>Praktische Tipps f\u00fcr die Route mit dem Auto<\/strong><\/h2>\n\n\n\n<p>Damit der <strong>Sonnenuntergang auf Mallorca<\/strong> entspannt bleibt, lohnt sich ein wenig Planung. Besonders in der Tramuntana k\u00f6nnen kleine Details den Unterschied machen.<\/p>\n\n\n\n<h3 class=\"wp-block-heading\"><strong>Tankstellen und GPS<\/strong><\/h3>\n\n\n\n<p>Viele Aussichtspunkte in der <strong>Serra de Tramuntana<\/strong> liegen nicht in der N\u00e4he von Tankstellen. Deshalb am besten mit vollem Tank starten oder, bei einem Elektrofahrzeug, mit ausreichend geladener Batterie.&nbsp;<\/p>\n\n\n\n<p>Auch beim GPS lohnt sich Vorbereitung. Google Maps funktioniert meist zuverl\u00e4ssig, doch in den Bergen kann der Empfang schw\u00e4cher werden. Eine offline gespeicherte Karte der Region ist daher sinnvoll.<\/p>\n\n\n\n<h3 class=\"wp-block-heading\"><strong>Der richtige Zeitpunkt<\/strong><\/h3>\n\n\n\n<p>Die Sonne wartet nicht. Deshalb sollte die genaue Uhrzeit des Sonnenuntergangs vorab gepr\u00fcft werden. Ideal ist eine Ankunft <strong>30 bis 40 Minuten vorher<\/strong>, um in Ruhe zu parken, den besten Platz zu finden und die Kamera vorzubereiten.<\/p>\n\n\n\n<h3 class=\"wp-block-heading\"><strong>Respekt vor der Natur<\/strong><\/h3>\n\n\n\n<p>Viele Aussichtspunkte liegen in gesch\u00fctzten Landschaften oder nahe steiler Klippen. Deshalb gilt:<\/p>\n\n\n\n<ul class=\"wp-block-list\">\n<li><strong>Keine Spuren hinterlassen:<\/strong> Abf\u00e4lle immer wieder mitnehmen.<\/li>\n\n\n\n<li><strong>R\u00fccksichtsvoll parken:<\/strong> Landwirtschaftliche Wege und schmale Stra\u00dfen freihalten.<\/li>\n<\/ul>\n\n\n\n<p>ROIG setzt auf einen verantwortungsvollen Tourismus, der die Insel sch\u00fctzt und ihre Sch\u00f6nheit bewahrt.<\/p>\n\n\n\n<h2 class=\"wp-block-heading\"><strong>Dem Licht der Insel folgen<\/strong><\/h2>\n\n\n\n<p><strong>Mallorca l\u00e4sst sich besonders sch\u00f6n am Steuer entdecken<\/strong>. Fenster runter, warme Abendluft im Gesicht und der Horizont vor Augen: Genau so beginnt einer dieser Momente, die lange bleiben. Jeder <strong>Sonnenuntergang auf Mallorca<\/strong> ist anders. Mit dem <a href=\"https:\/\/roig.com\/de\/rent-a-car\/\"><strong>Mietwagenservice auf Mallorca<\/strong><\/a> von ROIG l\u00e4sst sich jeden Tag der Ort w\u00e4hlen, der am besten zur Stimmung passt.<\/p>\n\n\n\n<p>Wer nicht selbst fahren m\u00f6chte, kann auf den <a href=\"https:\/\/roig.com\/de\/transfers\/\"><strong>Transferservice auf Mallorca<\/strong><\/a> oder <a href=\"https:\/\/roig.com\/de\/mallorca-transfer\/\"><strong>Autos mit Chauffeur auf Mallorca<\/strong><\/a> von ROIG zur\u00fcckgreifen. So bleibt nur noch eines zu tun: genie\u00dfen.<\/p>\n\n\n\n<p>Jetzt den Mietwagen buchen und entdecken, warum <strong>Sonnenunterg\u00e4nge auf Mallorca<\/strong> seit jeher K\u00fcnstler aus aller Welt inspirieren.&nbsp;<\/p>\n","protected":false},"excerpt":{"rendered":"<p>Mallorca hat viele spektakul\u00e4re Seiten, doch kaum ein Moment ist so besonders wie der Sonnenuntergang auf Mallorca. Wenn die Sonne langsam hinter dem Horizont verschwindet, f\u00e4rbt sich der Himmel in warme Gold-, Rosa- und Oranget\u00f6ne, w\u00e4hrend das Mittelmeer zur perfekten Kulisse f\u00fcr den Tagesausklang wird. Doch die sch\u00f6nsten Aussichtspunkte liegen oft nicht direkt um die [&hellip;]<\/p>\n","protected":false},"author":3,"featured_media":28486,"comment_status":"open","ping_status":"closed","sticky":false,"template":"","format":"standard","meta":{"footnotes":""},"categories":[149],"tags":[],"class_list":["post-28492","post","type-post","status-publish","format-standard","has-post-thumbnail","hentry","category-news"],"_links":{"self":[{"href":"https:\/\/roig.com\/de\/wp-json\/wp\/v2\/posts\/28492","targetHints":{"allow":["GET"]}}],"collection":[{"href":"https:\/\/roig.com\/de\/wp-json\/wp\/v2\/posts"}],"about":[{"href":"https:\/\/roig.com\/de\/wp-json\/wp\/v2\/types\/post"}],"author":[{"embeddable":true,"href":"https:\/\/roig.com\/de\/wp-json\/wp\/v2\/users\/3"}],"replies":[{"embeddable":true,"href":"https:\/\/roig.com\/de\/wp-json\/wp\/v2\/comments?post=28492"}],"version-history":[{"count":1,"href":"https:\/\/roig.com\/de\/wp-json\/wp\/v2\/posts\/28492\/revisions"}],"predecessor-version":[{"id":28493,"href":"https:\/\/roig.com\/de\/wp-json\/wp\/v2\/posts\/28492\/revisions\/28493"}],"wp:featuredmedia":[{"embeddable":true,"href":"https:\/\/roig.com\/de\/wp-json\/wp\/v2\/media\/28486"}],"wp:attachment":[{"href":"https:\/\/roig.com\/de\/wp-json\/wp\/v2\/media?parent=28492"}],"wp:term":[{"taxonomy":"category","embeddable":true,"href":"https:\/\/roig.com\/de\/wp-json\/wp\/v2\/categories?post=28492"},{"taxonomy":"post_tag","embeddable":true,"href":"https:\/\/roig.com\/de\/wp-json\/wp\/v2\/tags?post=28492"}],"curies":[{"name":"wp","href":"https:\/\/api.w.org\/{rel}","templated":true}]}}